{"id":88943,"date":"2025-12-10T23:31:29","date_gmt":"2025-12-10T22:31:29","guid":{"rendered":"https:\/\/sn.ambaguinee.org\/?p=88943"},"modified":"2025-12-10T23:31:29","modified_gmt":"2025-12-10T22:31:29","slug":"les-ptits-lecteurs-un-marathon-national-pour-eveiller-la-passion-de-la-lecture","status":"publish","type":"post","link":"https:\/\/sn.ambaguinee.org\/?p=88943","title":{"rendered":"\u00ab Les P\u2019tits Lecteurs \u00bb : un marathon national pour \u00e9veiller la passion de la lecture"},"content":{"rendered":"<div>\n<div style=\"margin-bottom:20px;\"><img width=\"1080\" height=\"601\"src=\"https:\/\/i0.wp.com\/www.guinee7.com\/wp-content\/uploads\/2025\/12\/IMG-20251209-WA0075.jpg?w=1080&amp;ssl=1\" class=\"attachment-post-thumbnail size-post-thumbnail wp-post-image\" alt=\"\" decoding=\"async\" loading=\"lazy\" srcset=\"https:\/\/i0.wp.com\/www.guinee7.com\/wp-content\/uploads\/2025\/12\/IMG-20251209-WA0075.jpg?w=1080&amp;ssl=1 1080w, https:\/\/i0.wp.com\/www.guinee7.com\/wp-content\/uploads\/2025\/12\/IMG-20251209-WA0075.jpg?resize=300%2C167&amp;ssl=1 300w, https:\/\/i0.wp.com\/www.guinee7.com\/wp-content\/uploads\/2025\/12\/IMG-20251209-WA0075.jpg?resize=1024%2C570&amp;ssl=1 1024w, https:\/\/i0.wp.com\/www.guinee7.com\/wp-content\/uploads\/2025\/12\/IMG-20251209-WA0075.jpg?resize=768%2C427&amp;ssl=1 768w\" sizes=\"auto, (max-width: 1080px) 100vw, 1080px\"><\/div>\n<p><span style=\"font-size: 18px;\">Le Marathon de lecture \u00ab Les P\u2019tits Lecteurs \u00bb a \u00e9t\u00e9 lanc\u00e9 \u00e0 l\u2019\u00c9cole primaire du Centre de Kaloum. Pour sa troisi\u00e8me \u00e9dition, l\u2019initiative de l\u2019Association Wonkha\u00ef mobilise plus de 14 000 \u00e9l\u00e8ves dans 70 \u00e9coles r\u00e9parties sur 17 villes.<\/span><\/p>\n<p><span style=\"font-size: 18px;\">En pr\u00e9sentant le programme, Solo Niar\u00e9 de l\u2019Association Wonkha\u00ef a rappel\u00e9 la vision qui guide ce projet.<\/span><br \/><span style=\"font-size: 18px;\">Il explique : \u00ab Nous nous sommes dit que gr\u00e2ce \u00e0 notre travail autour du livre, nous pouvions mettre nos ressources au service des enfants, afin de les accompagner dans la d\u00e9couverte et la passion de la lecture. \u00bb<\/span><br \/><span style=\"font-size: 18px;\">Il insiste sur la continuit\u00e9 du dispositif : \u00ab nous ne venons pas organiser un \u00e9v\u00e9nement ponctuel avant de dispara\u00eetre. Nous avons choisi de rester aupr\u00e8s des enfants pendant six mois, \u00e0 travers une s\u00e9rie d\u2019activit\u00e9s continues autour de la lecture. \u00bb<\/span><\/p>\n<p><span style=\"font-size: 18px;\">Il d\u00e9taille \u00e9galement le fonctionnement du concours, depuis l\u2019envoi des livres en d\u00e9cembre jusqu\u2019\u00e0 la finale nationale en mai, tout en soulignant l\u2019importance des \u00ab go\u00fbters-lecture \u00bb, tr\u00e8s pris\u00e9s des enfants : \u00ab Ils viennent d\u2019abord pour le go\u00fbter, mais ils lisent\u2026 et la passion finit par prendre le dessus. \u00bb<\/span><\/p>\n<p><span style=\"font-size: 18px;\">Hassane Hilal Sylla, Directeur g\u00e9n\u00e9ral adjoint du CELPAC, a exprim\u00e9 son enthousiasme pour le projet et le soutien de son institution : \u00ab \u00e0 travers les livres que nous avons pr\u00e9sent\u00e9s aujourd\u2019hui aux enfants, nous souhaitons qu\u2019ils lisent, qu\u2019ils s\u2019\u00e9panouissent, qu\u2019ils puissent voyager gr\u00e2ce aux livres et \u00e0 la lecture, et surtout qu\u2019ils s\u2019\u00e9mancipent positivement \u00e0 travers ce rapport au livre et au savoir. \u00bb<\/span><br \/><span style=\"font-size: 18px;\">Il a \u00e9galement rappel\u00e9 le r\u00f4le du CELPAC dans la promotion du livre et de la lecture publique : \u00ab Nous restons disponibles pour accompagner durablement cette activit\u00e9 et renforcer l\u2019int\u00e9r\u00eat des jeunes pour le livre. \u00bb<\/span><\/p>\n<p><span style=\"font-size: 18px;\">Invit\u00e9e \u00e0 la c\u00e9r\u00e9monie, Mme Fendi Kamara, vice-pr\u00e9sidente de la Commission Constitutionnelle et des Lois Organiques au CNT, a salu\u00e9 l\u2019engagement des organisateurs. Elle a rappel\u00e9 que ce type d\u2019initiative demande \u00ab un grand courage et une v\u00e9ritable preuve d\u2019engagement \u00bb.<\/span><\/p>\n<p><span style=\"font-size: 18px;\">Elle a aussi insist\u00e9 sur l\u2019impact \u00e9ducatif de ce projet : \u00ab ces moments de lecture, de d\u00e9couverte et d\u2019\u00e9panouissement contribuent directement \u00e0 leur d\u00e9veloppement. \u00bb<\/span><\/p>\n<p><span style=\"font-size: 18px;\">Soutenu par plusieurs institutions, telles que, minist\u00e8re de la culture et de l\u2019artisanat \u00e0 travers un accompagnement du FODAC depuis sa premi\u00e8re \u00e9dition, le Marathon de lecture s\u2019impose d\u00e9sormais comme un rendez-vous national phare pour promouvoir la lecture chez les plus jeunes. La finale est pr\u00e9vue le 22 mai 2026 au CCFG.<\/span><\/p>\n<p><strong><span style=\"font-size: 18px;\">Abdoul Lory Sylla pour guinee7.com<\/span><\/strong><!--\/data\/user\/0\/com.samsung.android.app.notes\/files\/clipdata\/clipdata_bodytext_251209_221629_406.sdocx--><\/p>\n<p>L\u2019article <a href=\"https:\/\/www.guinee7.com\/2025\/12\/10\/les-ptits-lecteurs-un-marathon-national-pour-eveiller-la-passion-de-la-lecture\/\">\u00ab Les P\u2019tits Lecteurs \u00bb : un marathon national pour \u00e9veiller la passion de la lecture<\/a> est apparu en premier sur <a href=\"https:\/\/www.guinee7.com\/\">Guinee7.com<\/a>.<\/p>\n<\/div>\n","protected":false},"excerpt":{"rendered":"<p>Le Marathon de lecture \u00ab Les P\u2019tits Lecteurs \u00bb a \u00e9t\u00e9 lanc\u00e9 \u00e0 l\u2019\u00c9cole primaire du Centre de Kaloum. Pour sa troisi\u00e8me \u00e9dition, l\u2019initiative de l\u2019Association Wonkha\u00ef mobilise plus de 14 000 \u00e9l\u00e8ves dans 70 \u00e9coles r\u00e9parties sur 17 villes. En pr\u00e9sentant le programme, Solo Niar\u00e9 de l\u2019Association Wonkha\u00ef a rappel\u00e9 la vision qui guide &hellip;<\/p>\n","protected":false},"author":1,"featured_media":0,"comment_status":"closed","ping_status":"closed","sticky":false,"template":"","format":"standard","meta":{"footnotes":""},"categories":[2],"tags":[22],"_links":{"self":[{"href":"https:\/\/sn.ambaguinee.org\/index.php?rest_route=\/wp\/v2\/posts\/88943"}],"collection":[{"href":"https:\/\/sn.ambaguinee.org\/index.php?rest_route=\/wp\/v2\/posts"}],"about":[{"href":"https:\/\/sn.ambaguinee.org\/index.php?rest_route=\/wp\/v2\/types\/post"}],"author":[{"embeddable":true,"href":"https:\/\/sn.ambaguinee.org\/index.php?rest_route=\/wp\/v2\/users\/1"}],"replies":[{"embeddable":true,"href":"https:\/\/sn.ambaguinee.org\/index.php?rest_route=%2Fwp%2Fv2%2Fcomments&post=88943"}],"version-history":[{"count":0,"href":"https:\/\/sn.ambaguinee.org\/index.php?rest_route=\/wp\/v2\/posts\/88943\/revisions"}],"wp:attachment":[{"href":"https:\/\/sn.ambaguinee.org\/index.php?rest_route=%2Fwp%2Fv2%2Fmedia&parent=88943"}],"wp:term":[{"taxonomy":"category","embeddable":true,"href":"https:\/\/sn.ambaguinee.org\/index.php?rest_route=%2Fwp%2Fv2%2Fcategories&post=88943"},{"taxonomy":"post_tag","embeddable":true,"href":"https:\/\/sn.ambaguinee.org\/index.php?rest_route=%2Fwp%2Fv2%2Ftags&post=88943"}],"curies":[{"name":"wp","href":"https:\/\/api.w.org\/{rel}","templated":true}]}}