{"id":88944,"date":"2025-12-10T23:31:29","date_gmt":"2025-12-10T22:31:29","guid":{"rendered":"https:\/\/sn.ambaguinee.org\/?p=88944"},"modified":"2025-12-10T23:31:29","modified_gmt":"2025-12-10T22:31:29","slug":"education-la-greve-suspendue-apres-un-accord-avec-le-gouvernement","status":"publish","type":"post","link":"https:\/\/sn.ambaguinee.org\/?p=88944","title":{"rendered":"\u00c9ducation : la gr\u00e8ve suspendue apr\u00e8s un accord avec le gouvernement"},"content":{"rendered":"<div>\n<div style=\"margin-bottom:20px;\"><img width=\"1051\" height=\"539\"src=\"https:\/\/i0.wp.com\/www.guinee7.com\/wp-content\/uploads\/2025\/12\/IMG-20251210-WA0032.jpg?w=1051&amp;ssl=1\" class=\"attachment-post-thumbnail size-post-thumbnail wp-post-image\" alt=\"\" decoding=\"async\" loading=\"lazy\" srcset=\"https:\/\/i0.wp.com\/www.guinee7.com\/wp-content\/uploads\/2025\/12\/IMG-20251210-WA0032.jpg?w=1051&amp;ssl=1 1051w, https:\/\/i0.wp.com\/www.guinee7.com\/wp-content\/uploads\/2025\/12\/IMG-20251210-WA0032.jpg?resize=300%2C154&amp;ssl=1 300w, https:\/\/i0.wp.com\/www.guinee7.com\/wp-content\/uploads\/2025\/12\/IMG-20251210-WA0032.jpg?resize=1024%2C525&amp;ssl=1 1024w, https:\/\/i0.wp.com\/www.guinee7.com\/wp-content\/uploads\/2025\/12\/IMG-20251210-WA0032.jpg?resize=768%2C394&amp;ssl=1 768w\" sizes=\"auto, (max-width: 1051px) 100vw, 1051px\"><\/div>\n<p><span style=\"font-size: 18px;\">Apr\u00e8s plusieurs semaines de mobilisation, l\u2019Intersyndicale de l\u2019\u00c9ducation (FSPE-SNE) a annonc\u00e9, ce mercredi, la suspension de la gr\u00e8ve g\u00e9n\u00e9rale d\u00e9clench\u00e9e le 1\u1d49\u02b3 d\u00e9cembre 2025. Cette d\u00e9cision intervient au lendemain d\u2019une rencontre avec le gouvernement, tenue \u00e0 la Bourse du Travail en pr\u00e9sence du Ministre du Travail et de la Fonction Publique.<\/span><\/p>\n<p><span style=\"font-size: 18px;\">Un climat apais\u00e9 en vue de la reprise des n\u00e9gociations<\/span><\/p>\n<p><span style=\"font-size: 18px;\">Dans son avis officiel de suspension, lu par Aboubacar Diesto Camara, l\u2019intersyndicale rappelle les diff\u00e9rentes \u00e9tapes de son mouvement : le d\u00e9p\u00f4t de son m\u00e9morandum le 1\u1d49\u02b3 septembre 2025, l\u2019avis de gr\u00e8ve du 5 novembre, puis le pr\u00e9avis transmis le 5 d\u00e9cembre \u00e0 la Fonction publique. Elle souligne \u00e9galement l\u2019implication active du Mouvement syndical guin\u00e9en ainsi que la main tendue du gouvernement dans la recherche d\u2019une solution durable.<\/span><\/p>\n<p><span style=\"font-size: 18px;\">L\u2019organisation justifie sa d\u00e9cision par plusieurs consid\u00e9rations : \u00ab la n\u00e9cessit\u00e9 de pr\u00e9server un climat social serein en cette p\u00e9riode \u00e9lectorale ; les risques de r\u00e9cup\u00e9ration politique de la gr\u00e8ve ; l\u2019engagement du gouvernement \u00e0 reprendre les n\u00e9gociations d\u00e8s ce jeudi 11 d\u00e9cembre 2025 \u00e0 12h. \u00bb<\/span><\/p>\n<p><span style=\"font-size: 18px;\">Reprise des cours d\u00e8s ce jeudi<\/span><\/p>\n<p><span style=\"font-size: 18px;\">Avec l\u2019approbation de son assembl\u00e9e g\u00e9n\u00e9rale, la FSPE-SNE invite l\u2019ensemble des enseignants et enseignantes du pays \u00e0 reprendre les cours d\u00e8s ce jeudi 11 d\u00e9cembre 2025 \u00e0 partir de 8 heures.<\/span><br \/><span style=\"font-size: 18px;\">Elle remercie par ailleurs le corps enseignant pour sa mobilisation et sa solidarit\u00e9 \u00ab malgr\u00e9 les menaces et les intimidations \u00bb.<\/span><\/p>\n<p><span style=\"font-size: 18px;\">Une suspension, pas une fin de mouvement<\/span><\/p>\n<p><span style=\"font-size: 18px;\">L\u2019intersyndicale pr\u00e9cise que le mot d\u2019ordre est suspendu, et non lev\u00e9, dans l\u2019attente de l\u2019issue des n\u00e9gociations annonc\u00e9es avec le gouvernement. Les responsables syndicaux affirment rester vigilants et d\u00e9termin\u00e9s \u00e0 obtenir des avanc\u00e9es concr\u00e8tes pour am\u00e9liorer les conditions de travail et de vie des enseignants.<\/span><\/p>\n<p><strong><span style=\"font-size: 18px;\">Abdoul Lory Sylla pour guinee7.com<\/span><\/strong><!--\/data\/user\/0\/com.samsung.android.app.notes\/files\/clipdata\/clipdata_bodytext_251210_200302_988.sdocx--><\/p>\n<p>L\u2019article <a href=\"https:\/\/www.guinee7.com\/2025\/12\/10\/education-la-greve-suspendue-apres-un-accord-avec-le-gouvernement\/\">\u00c9ducation : la gr\u00e8ve suspendue apr\u00e8s un accord avec le gouvernement<\/a> est apparu en premier sur <a href=\"https:\/\/www.guinee7.com\/\">Guinee7.com<\/a>.<\/p>\n<\/div>\n","protected":false},"excerpt":{"rendered":"<p>Apr\u00e8s plusieurs semaines de mobilisation, l\u2019Intersyndicale de l\u2019\u00c9ducation (FSPE-SNE) a annonc\u00e9, ce mercredi, la suspension de la gr\u00e8ve g\u00e9n\u00e9rale d\u00e9clench\u00e9e le 1\u1d49\u02b3 d\u00e9cembre 2025. Cette d\u00e9cision intervient au lendemain d\u2019une rencontre avec le gouvernement, tenue \u00e0 la Bourse du Travail en pr\u00e9sence du Ministre du Travail et de la Fonction Publique. Un climat apais\u00e9 en &hellip;<\/p>\n","protected":false},"author":1,"featured_media":0,"comment_status":"closed","ping_status":"closed","sticky":false,"template":"","format":"standard","meta":{"footnotes":""},"categories":[2],"tags":[22],"_links":{"self":[{"href":"https:\/\/sn.ambaguinee.org\/index.php?rest_route=\/wp\/v2\/posts\/88944"}],"collection":[{"href":"https:\/\/sn.ambaguinee.org\/index.php?rest_route=\/wp\/v2\/posts"}],"about":[{"href":"https:\/\/sn.ambaguinee.org\/index.php?rest_route=\/wp\/v2\/types\/post"}],"author":[{"embeddable":true,"href":"https:\/\/sn.ambaguinee.org\/index.php?rest_route=\/wp\/v2\/users\/1"}],"replies":[{"embeddable":true,"href":"https:\/\/sn.ambaguinee.org\/index.php?rest_route=%2Fwp%2Fv2%2Fcomments&post=88944"}],"version-history":[{"count":0,"href":"https:\/\/sn.ambaguinee.org\/index.php?rest_route=\/wp\/v2\/posts\/88944\/revisions"}],"wp:attachment":[{"href":"https:\/\/sn.ambaguinee.org\/index.php?rest_route=%2Fwp%2Fv2%2Fmedia&parent=88944"}],"wp:term":[{"taxonomy":"category","embeddable":true,"href":"https:\/\/sn.ambaguinee.org\/index.php?rest_route=%2Fwp%2Fv2%2Fcategories&post=88944"},{"taxonomy":"post_tag","embeddable":true,"href":"https:\/\/sn.ambaguinee.org\/index.php?rest_route=%2Fwp%2Fv2%2Ftags&post=88944"}],"curies":[{"name":"wp","href":"https:\/\/api.w.org\/{rel}","templated":true}]}}