{"id":89046,"date":"2025-12-12T23:02:24","date_gmt":"2025-12-12T22:02:24","guid":{"rendered":"https:\/\/sn.ambaguinee.org\/?p=89046"},"modified":"2025-12-12T23:02:24","modified_gmt":"2025-12-12T22:02:24","slug":"arbitrage-la-guinee-accueillera-sa-premiere-formation-var-en-fevrier-2026","status":"publish","type":"post","link":"https:\/\/sn.ambaguinee.org\/?p=89046","title":{"rendered":"Arbitrage : la Guin\u00e9e accueillera sa premi\u00e8re formation VAR en f\u00e9vrier 2026"},"content":{"rendered":"<div>\n<div style=\"margin-bottom:20px;\"><img width=\"762\" height=\"381\"src=\"https:\/\/i0.wp.com\/www.guinee7.com\/wp-content\/uploads\/2025\/12\/IMG-20251212-WA0116.jpg?w=762&amp;ssl=1\" class=\"attachment-post-thumbnail size-post-thumbnail wp-post-image\" alt=\"\" decoding=\"async\" loading=\"lazy\" srcset=\"https:\/\/i0.wp.com\/www.guinee7.com\/wp-content\/uploads\/2025\/12\/IMG-20251212-WA0116.jpg?w=762&amp;ssl=1 762w, https:\/\/i0.wp.com\/www.guinee7.com\/wp-content\/uploads\/2025\/12\/IMG-20251212-WA0116.jpg?resize=300%2C150&amp;ssl=1 300w\" sizes=\"auto, (max-width: 762px) 100vw, 762px\"><\/div>\n<p><span style=\"font-size: 18px;\">L\u2019arbitrage guin\u00e9en d\u00e9butera la nouvelle ann\u00e9e par une session de formation d\u00e9di\u00e9e \u00e0 la technologie VAR. L\u2019annonce a \u00e9t\u00e9 faite par le secr\u00e9taire g\u00e9n\u00e9ral de la F\u00e9d\u00e9ration guin\u00e9enne de football, Ibrahima Barry \u00ab Blasco \u00bb, lors de la pr\u00e9sentation du Plan d\u2019urgence du Programme de d\u00e9veloppement int\u00e9gr\u00e9 et durable du football en Guin\u00e9e. Selon lui, toutes les dispositions sont d\u00e9j\u00e0 prises pour organiser cette premi\u00e8re dans le pays.<\/span><\/p>\n<p><span style=\"font-size: 18px;\">\u00ab Je suis heureux d\u2019annoncer au nom du vice-pr\u00e9sident ici pr\u00e9sent, qu\u2019au mois de f\u00e9vrier, \u00e0 la demande de notre association nationale et sur notre insistance, nous allons accueillir en Guin\u00e9e, pour la premi\u00e8re fois aussi, un cours de formation sur la technologie VAR au niveau de l\u2019arbitrage. Nous avons acquis le soutien de la Conf\u00e9d\u00e9ration. Dans ce domaine, nous allons d\u00e9ployer \u00e0 Conakry l\u2019unit\u00e9 mobile de VAR bas\u00e9e \u00e0 Dakar, que la CAF a octroy\u00e9e au niveau des zones pour op\u00e9rer aussi cette session de formation \u00bb, a-t-il d\u00e9clar\u00e9.<\/span><\/p>\n<p><span style=\"font-size: 18px;\">D\u2019apr\u00e8s Blasco Barry, cette formation permettra \u00e0 l\u2019arbitrage guin\u00e9en de se hisser au niveau requis pour pr\u00e9tendre aux comp\u00e9titions internationales. \u00ab Ce n\u2019est pas de gaiet\u00e9 de c\u0153ur, je le dis, que lors des comp\u00e9titions africaines qu\u2019il s\u2019agisse des tournois de jeunes ou des comp\u00e9titions majeures, la presse nous malm\u00e8ne, et les Guin\u00e9ens soucieux de progr\u00e8s se montrent d\u00e9\u00e7us de l\u2019absence de nos arbitres. Tout cela rel\u00e8ve de la formation, et de la formation continue \u00bb, a-t-il insist\u00e9.<\/span><\/p>\n<p><span style=\"font-size: 18px;\">En attendant cette \u00e9tape cruciale, la Guin\u00e9e continue de payer le prix de ses retards. Apr\u00e8s un CHAN sans arbitre guin\u00e9en malgr\u00e9 la pr\u00e9sence de l\u2019\u00e9quipe nationale locale, la situation est encore plus am\u00e8re pour la CAN que le pays devait organiser. Ni les arbitres guin\u00e9ens, ni m\u00eame le Syli national ne seront pr\u00e9sents \u00e0 cette \u00e9dition.<\/span><\/p>\n<p><strong><span style=\"font-size: 18px;\">Thierno Abdoul Barry pour Guinee7.com<\/span><\/strong><!--\/data\/user\/0\/com.samsung.android.app.notes\/files\/clipdata\/clipdata_bodytext_251212_172727_441.sdocx--><\/p>\n<p>L\u2019article <a href=\"https:\/\/www.guinee7.com\/2025\/12\/12\/arbitrage-la-guinee-accueillera-sa-premiere-formation-var-en-fevrier-2026\/\">Arbitrage : la Guin\u00e9e accueillera sa premi\u00e8re formation VAR en f\u00e9vrier 2026<\/a> est apparu en premier sur <a href=\"https:\/\/www.guinee7.com\/\">Guinee7.com<\/a>.<\/p>\n<\/div>\n","protected":false},"excerpt":{"rendered":"<p>L\u2019arbitrage guin\u00e9en d\u00e9butera la nouvelle ann\u00e9e par une session de formation d\u00e9di\u00e9e \u00e0 la technologie VAR. L\u2019annonce a \u00e9t\u00e9 faite par le secr\u00e9taire g\u00e9n\u00e9ral de la F\u00e9d\u00e9ration guin\u00e9enne de football, Ibrahima Barry \u00ab Blasco \u00bb, lors de la pr\u00e9sentation du Plan d\u2019urgence du Programme de d\u00e9veloppement int\u00e9gr\u00e9 et durable du football en Guin\u00e9e. Selon lui, &hellip;<\/p>\n","protected":false},"author":1,"featured_media":0,"comment_status":"closed","ping_status":"closed","sticky":false,"template":"","format":"standard","meta":{"footnotes":""},"categories":[2],"tags":[22],"_links":{"self":[{"href":"https:\/\/sn.ambaguinee.org\/index.php?rest_route=\/wp\/v2\/posts\/89046"}],"collection":[{"href":"https:\/\/sn.ambaguinee.org\/index.php?rest_route=\/wp\/v2\/posts"}],"about":[{"href":"https:\/\/sn.ambaguinee.org\/index.php?rest_route=\/wp\/v2\/types\/post"}],"author":[{"embeddable":true,"href":"https:\/\/sn.ambaguinee.org\/index.php?rest_route=\/wp\/v2\/users\/1"}],"replies":[{"embeddable":true,"href":"https:\/\/sn.ambaguinee.org\/index.php?rest_route=%2Fwp%2Fv2%2Fcomments&post=89046"}],"version-history":[{"count":0,"href":"https:\/\/sn.ambaguinee.org\/index.php?rest_route=\/wp\/v2\/posts\/89046\/revisions"}],"wp:attachment":[{"href":"https:\/\/sn.ambaguinee.org\/index.php?rest_route=%2Fwp%2Fv2%2Fmedia&parent=89046"}],"wp:term":[{"taxonomy":"category","embeddable":true,"href":"https:\/\/sn.ambaguinee.org\/index.php?rest_route=%2Fwp%2Fv2%2Fcategories&post=89046"},{"taxonomy":"post_tag","embeddable":true,"href":"https:\/\/sn.ambaguinee.org\/index.php?rest_route=%2Fwp%2Fv2%2Ftags&post=89046"}],"curies":[{"name":"wp","href":"https:\/\/api.w.org\/{rel}","templated":true}]}}