{"id":89085,"date":"2025-12-13T23:04:58","date_gmt":"2025-12-13T22:04:58","guid":{"rendered":"https:\/\/sn.ambaguinee.org\/?p=89085"},"modified":"2025-12-13T23:04:58","modified_gmt":"2025-12-13T22:04:58","slug":"dalaba-sante-lentreprise-tina-decroche-le-contrat-de-construction-du-futur-centre-de-sante-de-la-cr-de-mafara","status":"publish","type":"post","link":"https:\/\/sn.ambaguinee.org\/?p=89085","title":{"rendered":"Dalaba Sant\u00e9: L\u2019entreprise TINA d\u00e9croche le Contrat de construction du futur Centre de Sant\u00e9 de la CR de Mafara"},"content":{"rendered":"<div>\n<div style=\"margin-bottom:20px;\"><img width=\"1080\" height=\"810\"src=\"https:\/\/i0.wp.com\/www.guinee7.com\/wp-content\/uploads\/2025\/12\/IMG-20251213-WA0035.jpg?w=1080&amp;ssl=1\" class=\"attachment-post-thumbnail size-post-thumbnail wp-post-image\" alt=\"\" decoding=\"async\" loading=\"lazy\" srcset=\"https:\/\/i0.wp.com\/www.guinee7.com\/wp-content\/uploads\/2025\/12\/IMG-20251213-WA0035.jpg?w=1080&amp;ssl=1 1080w, https:\/\/i0.wp.com\/www.guinee7.com\/wp-content\/uploads\/2025\/12\/IMG-20251213-WA0035.jpg?resize=300%2C225&amp;ssl=1 300w, https:\/\/i0.wp.com\/www.guinee7.com\/wp-content\/uploads\/2025\/12\/IMG-20251213-WA0035.jpg?resize=1024%2C768&amp;ssl=1 1024w, https:\/\/i0.wp.com\/www.guinee7.com\/wp-content\/uploads\/2025\/12\/IMG-20251213-WA0035.jpg?resize=768%2C576&amp;ssl=1 768w, https:\/\/i0.wp.com\/www.guinee7.com\/wp-content\/uploads\/2025\/12\/IMG-20251213-WA0035.jpg?resize=86%2C64&amp;ssl=1 86w\" sizes=\"auto, (max-width: 1080px) 100vw, 1080px\"><\/div>\n<p><span style=\"font-size: 18px;\">La sous-pr\u00e9fecture de Mafara situ\u00e9e \u00e0 quelques 60km du Chef-lieu de la pr\u00e9fecture de Dalaba (Moyenne Guin\u00e9e) sera bient\u00f4t dot\u00e9e d\u2019un Centre de Sant\u00e9 am\u00e9lior\u00e9 flambant-neuf, une initiative du pr\u00e9sident de la R\u00e9publique, G\u00e9n\u00e9ral Mamadi Doumbouya.<\/span><\/p>\n<p><span style=\"font-size: 18px;\">La pose de la premi\u00e8re pierre des travaux de construction de ladite infrastructure sanitaire eu lieu Vendredi, 12 D\u00e9cembre 2025, en pr\u00e9sence des autorit\u00e9s administratives et sanitaires ainsi que des populations de la collectivit\u00e9 r\u00e9cipiendaire.<\/span><\/p>\n<p><span style=\"font-size: 18px;\">A savoir que la mise en \u0153uvre des travaux de ce projet pr\u00e9sidentiel sont confi\u00e9s \u00e0 l\u2019entreprise TINA sur un d\u00e9lai contractuel de douze (12) mois soit un An.<\/span><\/p>\n<p><span style=\"font-size: 18px;\">Rassur\u00e9s du parcours \u00e9logieux de l\u2019entreprise TINA, ils sont nombreux \u00e0 saluer <\/span><br \/><span style=\"font-size: 18px;\">l\u2019expertise, le professionnalisme,\u00a0 l\u2019innovation, la qualit\u00e9 et la r\u00e9putation dans les BTP avec des termes comme \u00ab\u00a0excellence\u00a0\u00bb, \u00ab\u00a0fiabilit\u00e9\u00a0\u00bb, \u00ab\u00a0savoir-faire\u00a0\u00bb, \u00ab\u00a0vision\u00a0\u00bb, \u00ab\u00a0ambition\u00a0\u00bb, \u00ab\u00a0cr\u00e9ativit\u00e9\u00a0\u00bb, \u00ab\u00a0solide\u00a0\u00bb et \u00ab\u00a0r\u00e9alisations impressionnantes\u00a0\u00bb, pour souligner la confiance et le succ\u00e8s qu\u2019incarne cette soci\u00e9t\u00e9. <\/span><\/p>\n<p><span style=\"font-size: 18px;\">Pour d\u2019autres, le gouvernement a pris la meilleure d\u00e9cision d\u2019octroyer ce gigantesque Contrat \u00e0 l\u2019entreprise cit\u00e9e plus haut.<\/span><\/p>\n<p><span style=\"font-size: 18px;\">C\u2019est pourquoi, en s\u2019exprimant au nom de sa population, le pr\u00e9sident de la d\u00e9l\u00e9gation sp\u00e9ciale de Mafara, El Hadj Mamadou Ba\u00eflo Diallo a dit:<\/span><br \/><span style=\"font-size: 18px;\">&lt;&lt; Le gouvernement guin\u00e9en attache du prix \u00e0 l\u2019am\u00e9lioration de la sant\u00e9 des populations urbaines et rurales.<\/span><\/p>\n<p><span style=\"font-size: 18px;\">Tout en exprimant la gratitude de la communaut\u00e9 b\u00e9n\u00e9ficiaire au pr\u00e9sident de la R\u00e9publique, G\u00e9n\u00e9ral Mamadi Doumbouya pour avoir inscrit les priorit\u00e9s du gouvernement pour avoir le projet\u00a0 construction de ce nouveau centre de sant\u00e9 am\u00e9lior\u00e9 dans les priorit\u00e9s nationales.<\/span><\/p>\n<p><span style=\"font-size: 18px;\">Pour lui, ce geste est aussi un investissement dans la vie, la dignit\u00e9 et l\u2019avenir de chaque homme et enfant de sa juridiction g\u00e9opolitique.<\/span><\/p>\n<p><span style=\"font-size: 18px;\">Ce centre dit-il, fruit d\u2019une longue attente, constitue \u00e9galement, un immense espoir et une porte d\u2019entr\u00e9e propice d\u2019acc\u00e8s\u00a0 aux soins de sant\u00e9 pour les femmes qui, d\u00e9sormais, pourront accoucher en toute s\u00e9curit\u00e9.<\/span><\/p>\n<p><span style=\"font-size: 18px;\">Selon le directeur technique de l\u2019entreprise TINA (Demain en d\u2019autres termes), M. Maniboliot Fassou Lamah s\u2019est exprim\u00e9:<\/span><br \/><span style=\"font-size: 18px;\">&lt;&lt; Pose de la pierre d\u2019un centre de sant\u00e9 communautaire rivalisent les h\u00f4pitaux de dimension r\u00e9gionale.&gt;&gt;<\/span><\/p>\n<p><span style=\"font-size: 18px;\">Selon M. Lamah, l\u2019ouvrage comportera une salle de tri et d\u2019orientation des malades, un b\u00e2timent d\u00e9di\u00e9 \u00e0 la consultation des patients, un b\u00e2timent plus laboratoire et pharmacie, des salles d\u2019hospitalisation, une Maternit\u00e9, un Bloc op\u00e9ratoire, un bloc administratif pour le staff, un b\u00e2timent pour l\u2019appui interdisciplinaire, des cuisines de d\u00e9monstration, un b\u00e2timent pour les accompagnants, des blocs de latrines, une Morgue, un b\u00e2timent pour la Maintenance, un complexe pour le traitement des d\u00e9chets, un forage et accessoires pour adduction d\u2019eau potable, des bocs pour des cas suspects et probables et un centre de d\u00e9pistage de tuberculose ainsi que des logements des chirurgiens, sages-femmes et du Chef de centre soit un total de neuf (9) ouvrages.<\/span><\/p>\n<p><span style=\"font-size: 18px;\">Pour le repr\u00e9sentant des ressortissants de Mafara, Dr Alpha Abdoulaye Diallo, la construction de ce centre de sant\u00e9 am\u00e9lior\u00e9 va fortement contribuer au d\u00e9senclavement sanitaire d\u2019une grande communaut\u00e9 de la sous-pr\u00e9fecture de Mafara.<\/span><\/p>\n<p><span style=\"font-size: 18px;\">Il a, par ailleurs, rappel\u00e9 que depuis 4 ans, le pr\u00e9sident Mamadi Doumbouya a entam\u00e9 une marche honorable, celle de redonner une Lettre d\u2019honneur \u00e0 la sant\u00e9 en initiant un projet pr\u00e9sidentiel de construction de cent (100) centre de sant\u00e9 am\u00e9lior\u00e9 sur toute l\u2019\u00e9tendue du territoire national. Une mani\u00e8re de concr\u00e9tiser la mise en application de notre nouvelle Constitution, une premi\u00e8re dans l\u2019histoire de notre pays, la Guin\u00e9e (Couverture sanitaire universelle).<\/span><\/p>\n<p><span style=\"font-size: 18px;\">En outre, les autorit\u00e9s de Dalaba ont recommand\u00e9 aux communaut\u00e9s b\u00e9n\u00e9ficiaires d\u2019accompagner l\u2019entreprise\u00a0 TINA dans la construction des travaux de ce centre de sant\u00e9.<\/span><\/p>\n<p><span style=\"font-size: 18px;\">Poursuivant son intervention, l\u2019orateur a humblement encourag\u00e9 les populations de Mafara d\u2019\u00eatre dans l\u2019esprit de la refondation et de la transformation progressive socio-\u00e9conomique de la Guin\u00e9e pr\u00f4n\u00e9 par le G\u00e9n\u00e9ral Mamadi Doumbouya.<\/span><\/p>\n<p><span style=\"font-size: 18px;\">Pour sa part, l\u2019inspecteur r\u00e9gional de la sant\u00e9 de Mamou, Dr Mamadou Houdy Bah a soutenu que la construction de ce centre de sant\u00e9 constitue un engagement concret du gouvernement guin\u00e9en ambitionne \u00e0 rapprocher les services de sant\u00e9 de qualit\u00e9 des populations ce, conform\u00e9ment \u00e0 la vision nationale de renforcement du syst\u00e8me de sant\u00e9, de r\u00e9duction des in\u00e9galit\u00e9s et d\u2019acc\u00e8s aux soins de sant\u00e9.<\/span><\/p>\n<p><span style=\"font-size: 18px;\">A en croire \u00e0\u00a0 l\u2019Inspecteur r\u00e9gional de la sant\u00e9 (IRS)<\/span><br \/><span style=\"font-size: 18px;\">de Dalaba a r\u00e9affirm\u00e9 la volont\u00e9 des communaut\u00e9s d\u2019accueil \u00e0 s\u2019investir pour mener \u00e0 bien les travaux de ce gigantesque projet.<\/span><\/p>\n<p><span style=\"font-size: 18px;\">A la c\u00e9r\u00e9monie, le pr\u00e9fet de Dalaba, Colonel\u00a0 Fod\u00e9 Abdoulaye Sylla Pr\u00e9fecture a d\u00e9clar\u00e9 que la pose de la premi\u00e8re pierre des travaux de construction de ce centre de sant\u00e9 am\u00e9lior\u00e9 dans la sous-pr\u00e9fecture de Mafara concr\u00e9tise la mat\u00e9rialisation de la vision \u00e9clair\u00e9e du Chef de l\u2019\u00c9tat, G\u00e9n\u00e9ral Mamadi Doumbouya, celle de doter chaque collectivit\u00e9 locale en infrastructures modernes, accessibles et capables de r\u00e9pondre efficacement aux pr\u00e9occupations des populations. Une mani\u00e8re d\u2019am\u00e9liorer le syst\u00e8me de sant\u00e9 tant sur le plan r\u00e9gional que national.<\/span><\/p>\n<p><span style=\"font-size: 18px;\">A noter que l\u2019entreprise TINA, par la qualit\u00e9 de ses r\u00e9alisations, s\u2019inscrit grandement dans la vision \u00e9clair\u00e9e du pr\u00e9sident Mamadi Doumbouya qui \u0153uvre sans rel\u00e2che, pour le rayonnement de la Guin\u00e9e.<\/span><\/p>\n<p><strong><span style=\"font-size: 18px;\">Mamadouba Camara<\/span><\/strong><!--\/data\/user\/0\/com.samsung.android.app.notes\/files\/clipdata\/clipdata_bodytext_251213_162911_911.sdocx--><\/p>\n<p>L\u2019article <a href=\"https:\/\/www.guinee7.com\/2025\/12\/13\/dalaba-sante-lentreprise-tina-decroche-le-contrat-de-construction-du-futur-centre-de-sante-de-la-cr-de-mafara\/\">Dalaba Sant\u00e9: L\u2019entreprise TINA d\u00e9croche le Contrat de construction du futur Centre de Sant\u00e9 de la CR de Mafara<\/a> est apparu en premier sur <a href=\"https:\/\/www.guinee7.com\/\">Guinee7.com<\/a>.<\/p>\n<\/div>\n","protected":false},"excerpt":{"rendered":"<p>La sous-pr\u00e9fecture de Mafara situ\u00e9e \u00e0 quelques 60km du Chef-lieu de la pr\u00e9fecture de Dalaba (Moyenne Guin\u00e9e) sera bient\u00f4t dot\u00e9e d\u2019un Centre de Sant\u00e9 am\u00e9lior\u00e9 flambant-neuf, une initiative du pr\u00e9sident de la R\u00e9publique, G\u00e9n\u00e9ral Mamadi Doumbouya. La pose de la premi\u00e8re pierre des travaux de construction de ladite infrastructure sanitaire eu lieu Vendredi, 12 D\u00e9cembre &hellip;<\/p>\n","protected":false},"author":1,"featured_media":0,"comment_status":"closed","ping_status":"closed","sticky":false,"template":"","format":"standard","meta":{"footnotes":""},"categories":[2],"tags":[22],"_links":{"self":[{"href":"https:\/\/sn.ambaguinee.org\/index.php?rest_route=\/wp\/v2\/posts\/89085"}],"collection":[{"href":"https:\/\/sn.ambaguinee.org\/index.php?rest_route=\/wp\/v2\/posts"}],"about":[{"href":"https:\/\/sn.ambaguinee.org\/index.php?rest_route=\/wp\/v2\/types\/post"}],"author":[{"embeddable":true,"href":"https:\/\/sn.ambaguinee.org\/index.php?rest_route=\/wp\/v2\/users\/1"}],"replies":[{"embeddable":true,"href":"https:\/\/sn.ambaguinee.org\/index.php?rest_route=%2Fwp%2Fv2%2Fcomments&post=89085"}],"version-history":[{"count":0,"href":"https:\/\/sn.ambaguinee.org\/index.php?rest_route=\/wp\/v2\/posts\/89085\/revisions"}],"wp:attachment":[{"href":"https:\/\/sn.ambaguinee.org\/index.php?rest_route=%2Fwp%2Fv2%2Fmedia&parent=89085"}],"wp:term":[{"taxonomy":"category","embeddable":true,"href":"https:\/\/sn.ambaguinee.org\/index.php?rest_route=%2Fwp%2Fv2%2Fcategories&post=89085"},{"taxonomy":"post_tag","embeddable":true,"href":"https:\/\/sn.ambaguinee.org\/index.php?rest_route=%2Fwp%2Fv2%2Ftags&post=89085"}],"curies":[{"name":"wp","href":"https:\/\/api.w.org\/{rel}","templated":true}]}}