{"id":89087,"date":"2025-12-13T23:04:59","date_gmt":"2025-12-13T22:04:59","guid":{"rendered":"https:\/\/sn.ambaguinee.org\/?p=89087"},"modified":"2025-12-13T23:04:59","modified_gmt":"2025-12-13T22:04:59","slug":"dubreka-au-coeur-du-cinema-africain-clap-de-fin-du-fif-awards-2025","status":"publish","type":"post","link":"https:\/\/sn.ambaguinee.org\/?p=89087","title":{"rendered":"Dubr\u00e9ka au c\u0153ur du cin\u00e9ma africain : clap de fin du FIF Awards 2025"},"content":{"rendered":"<div>\n<div style=\"margin-bottom:20px;\"><img width=\"1080\" height=\"720\"src=\"https:\/\/i0.wp.com\/www.guinee7.com\/wp-content\/uploads\/2025\/12\/IMG-20251213-WA0042.jpg?w=1080&amp;ssl=1\" class=\"attachment-post-thumbnail size-post-thumbnail wp-post-image\" alt=\"\" decoding=\"async\" loading=\"lazy\" srcset=\"https:\/\/i0.wp.com\/www.guinee7.com\/wp-content\/uploads\/2025\/12\/IMG-20251213-WA0042.jpg?w=1080&amp;ssl=1 1080w, https:\/\/i0.wp.com\/www.guinee7.com\/wp-content\/uploads\/2025\/12\/IMG-20251213-WA0042.jpg?resize=300%2C200&amp;ssl=1 300w, https:\/\/i0.wp.com\/www.guinee7.com\/wp-content\/uploads\/2025\/12\/IMG-20251213-WA0042.jpg?resize=1024%2C683&amp;ssl=1 1024w, https:\/\/i0.wp.com\/www.guinee7.com\/wp-content\/uploads\/2025\/12\/IMG-20251213-WA0042.jpg?resize=768%2C512&amp;ssl=1 768w\" sizes=\"auto, (max-width: 1080px) 100vw, 1080px\"><\/div>\n<p><span style=\"font-size: 18px;\">La 3\u1d49 \u00e9dition du Festival international du film Awards (FIF) a pris fin ce samedi 13 d\u00e9cembre \u00e0 l\u2019Institut sup\u00e9rieur des arts Mory Kant\u00e9 de Dubr\u00e9ka (ISAMK\/D). Panels, masterclass et \u00e9changes directs entre \u00e9tudiants et professionnels ont marqu\u00e9 cette cl\u00f4ture, autour de messages forts sur l\u2019authenticit\u00e9, la confiance en soi et la responsabilit\u00e9 des jeunes cr\u00e9ateurs africains de \u00ab ramener l\u2019Afrique \u00e0 l\u2019\u00e9cran \u00bb.<\/span><\/p>\n<p><span style=\"font-size: 18px;\">Vice-pr\u00e9sidente du FIF Awards, Kimbely Dalanda Diallo, actrice et productrice, a justifi\u00e9 le choix de Dubr\u00e9ka par une volont\u00e9 claire de valorisation culturelle et de motivation des apprenants : \u00ab ramener le Festival \u00e0 Dubr\u00e9ka et \u00e0 l\u2019Institut sup\u00e9rieur des arts Mory Kant\u00e9, c\u2019est d\u00e9j\u00e0 plus valoriser la culture guin\u00e9enne, parce que quand on parle de culture, on parle d\u2019art. \u00bb<\/span><\/p>\n<p><span style=\"font-size: 18px;\">Elle a insist\u00e9 sur l\u2019impact symbolique de la pr\u00e9sence de grandes figures du cin\u00e9ma africain aupr\u00e8s des \u00e9tudiants : \u00ab c\u2019\u00e9tait beaucoup plus pour donner de l\u2019espoir \u00e0 ces jeunes qui ont choisi ces m\u00e9tiers d\u2019art que tout le monde critique tous les jours. Les amener en Dany Kouyat\u00e9, en Zenab Diop, c\u2019est leur dire qu\u2019on commence tout petit pour grandir et les booster. \u00bb<\/span><\/p>\n<p><span style=\"font-size: 18px;\">R\u00e9alisateur burkinab\u00e9 et invit\u00e9 du festival, Dany Kouyat\u00e9 s\u2019est dit impressionn\u00e9 par l\u2019envergure de l\u2019\u00e9v\u00e9nement et par la dynamique actuelle autour du cin\u00e9ma guin\u00e9en : \u00ab je ne savais pas que cette manifestation avait une telle envergure. J\u2019ai vu aussi toutes les actions que l\u2019\u00c9tat est en train de mener au profit de la culture et du cin\u00e9ma, et \u00e7a procure beaucoup d\u2019espoir pour l\u2019avenir du cin\u00e9ma en Guin\u00e9e. \u00bb<\/span><\/p>\n<p><span style=\"font-size: 18px;\">S\u2019adressant aux jeunes, il a soulign\u00e9 l\u2019autonomie technique du cin\u00e9ma africain :<\/span><br \/><span style=\"font-size: 18px;\">\u00ab aujourd\u2019hui, nous n\u2019avons plus besoin de l\u2019Europe ni pour produire, ni pour post-produire. On peut \u00e9crire sur place, produire sur place, exploiter sur place et rentabiliser sur place pour produire d\u2019autres films. \u00bb<\/span><\/p>\n<p><span style=\"font-size: 18px;\">Artiste, com\u00e9dien et membre du CNT, Mamadou Thug a rappel\u00e9 la dimension \u00e9ducative du festival : \u00ab la culture, c\u2019est l\u2019\u00e9ducation. \u00catre \u00e0 l\u2019Institut des arts Mory Kant\u00e9 et voir ces mod\u00e8les de r\u00e9ussite exposer leur vision aux \u00e9tudiants est une chose qui me rend tr\u00e8s heureux. \u00bb<\/span><\/p>\n<p><span style=\"font-size: 18px;\">Il a lanc\u00e9 un appel \u00e0 l\u2019engagement du milieu artistique : \u00ab le FIF est un grand festival que nous avons le devoir de soutenir et d\u2019accompagner pour booster ces passionn\u00e9s vers d\u2019autres horizons. \u00bb<\/span><\/p>\n<p><span style=\"font-size: 18px;\">Pour l\u2019ISAMK\/D, Tolno Tambassilafa, chef du service information et communication, a salu\u00e9 la tenue de la cl\u00f4ture dans l\u2019enceinte de l\u2019Institut : \u00ab recevoir un festival de cin\u00e9ma ici est un plaisir, mais aussi un encouragement \u00e0 mieux faire avec nos \u00e9tudiants et nos partenaires. \u00bb<\/span><br \/><span style=\"font-size: 18px;\">Il a exprim\u00e9 le souhait de voir cette collaboration se poursuivre : \u00ab nous souhaitons que cela soit p\u00e9renne, que le festival puisse commencer ici et pourquoi pas se terminer ici, car l\u2019endroit est appropri\u00e9. \u00bb<\/span><\/p>\n<p><span style=\"font-size: 18px;\">Ambassadrice des FIF Awards Guin\u00e9e, l\u2019actrice s\u00e9n\u00e9galaise Zeinab Diop a partag\u00e9 son ressenti et livr\u00e9 un message ax\u00e9 sur les valeurs et la transmission : \u00ab l\u2019humilit\u00e9 d\u2019abord, l\u2019\u00e9coute ensuite. Un artiste doit savoir \u00e9couter pour mieux apprendre. \u00bb<\/span><\/p>\n<p><span style=\"font-size: 18px;\">Elle a encourag\u00e9 les \u00e9tudiants \u00e0 s\u2019enraciner dans leur culture : \u00ab pour s\u2019ouvrir, il faut d\u2019abord s\u2019enraciner. Nous avons besoin de ce que nos parents et grands-parents nous ont l\u00e9gu\u00e9 comme valeurs et comme culture. \u00bb<\/span><\/p>\n<p><span style=\"font-size: 18px;\">La c\u00e9r\u00e9monie de cl\u00f4ture s\u2019est achev\u00e9e par la remise officielle \u00e0 l\u2019Institut, d\u2019un exemplaire du livre autobiographique de Beno\u00eet Kamara-Brown, ambassadeur de paix et op\u00e9rateur \u00e9conomique, mettant un point final \u00e0 une \u00e9dition plac\u00e9e sous le signe de la formation, de la transmission et de l\u2019espoir pour le cin\u00e9ma guin\u00e9en.<\/span><\/p>\n<p><strong><span style=\"font-size: 18px;\">Abdoul Lory Sylla pour guinee7.com<\/span><\/strong><!--\/data\/user\/0\/com.samsung.android.app.notes\/files\/clipdata\/clipdata_bodytext_251213_194319_359.sdocx--><\/p>\n<p>L\u2019article <a href=\"https:\/\/www.guinee7.com\/2025\/12\/13\/dubreka-au-coeur-du-cinema-africain-clap-de-fin-du-fif-awards-2025\/\">Dubr\u00e9ka au c\u0153ur du cin\u00e9ma africain : clap de fin du FIF Awards 2025<\/a> est apparu en premier sur <a href=\"https:\/\/www.guinee7.com\/\">Guinee7.com<\/a>.<\/p>\n<\/div>\n","protected":false},"excerpt":{"rendered":"<p>La 3\u1d49 \u00e9dition du Festival international du film Awards (FIF) a pris fin ce samedi 13 d\u00e9cembre \u00e0 l\u2019Institut sup\u00e9rieur des arts Mory Kant\u00e9 de Dubr\u00e9ka (ISAMK\/D). Panels, masterclass et \u00e9changes directs entre \u00e9tudiants et professionnels ont marqu\u00e9 cette cl\u00f4ture, autour de messages forts sur l\u2019authenticit\u00e9, la confiance en soi et la responsabilit\u00e9 des jeunes &hellip;<\/p>\n","protected":false},"author":1,"featured_media":0,"comment_status":"closed","ping_status":"closed","sticky":false,"template":"","format":"standard","meta":{"footnotes":""},"categories":[2],"tags":[22],"_links":{"self":[{"href":"https:\/\/sn.ambaguinee.org\/index.php?rest_route=\/wp\/v2\/posts\/89087"}],"collection":[{"href":"https:\/\/sn.ambaguinee.org\/index.php?rest_route=\/wp\/v2\/posts"}],"about":[{"href":"https:\/\/sn.ambaguinee.org\/index.php?rest_route=\/wp\/v2\/types\/post"}],"author":[{"embeddable":true,"href":"https:\/\/sn.ambaguinee.org\/index.php?rest_route=\/wp\/v2\/users\/1"}],"replies":[{"embeddable":true,"href":"https:\/\/sn.ambaguinee.org\/index.php?rest_route=%2Fwp%2Fv2%2Fcomments&post=89087"}],"version-history":[{"count":0,"href":"https:\/\/sn.ambaguinee.org\/index.php?rest_route=\/wp\/v2\/posts\/89087\/revisions"}],"wp:attachment":[{"href":"https:\/\/sn.ambaguinee.org\/index.php?rest_route=%2Fwp%2Fv2%2Fmedia&parent=89087"}],"wp:term":[{"taxonomy":"category","embeddable":true,"href":"https:\/\/sn.ambaguinee.org\/index.php?rest_route=%2Fwp%2Fv2%2Fcategories&post=89087"},{"taxonomy":"post_tag","embeddable":true,"href":"https:\/\/sn.ambaguinee.org\/index.php?rest_route=%2Fwp%2Fv2%2Ftags&post=89087"}],"curies":[{"name":"wp","href":"https:\/\/api.w.org\/{rel}","templated":true}]}}