{"id":89088,"date":"2025-12-13T23:04:59","date_gmt":"2025-12-13T22:04:59","guid":{"rendered":"https:\/\/sn.ambaguinee.org\/?p=89088"},"modified":"2025-12-13T23:04:59","modified_gmt":"2025-12-13T22:04:59","slug":"partage-ou-la-politique-du-lien-et-de-la-responsabilite-collective","status":"publish","type":"post","link":"https:\/\/sn.ambaguinee.org\/?p=89088","title":{"rendered":"\u00ab Partage \u00bb, ou la politique du lien et de la responsabilit\u00e9 collective"},"content":{"rendered":"<div>\n<div style=\"margin-bottom:20px;\"><img width=\"700\" height=\"608\"src=\"https:\/\/i0.wp.com\/www.guinee7.com\/wp-content\/uploads\/2025\/10\/General-Mamadi-Doumbouya.jpg?w=700&amp;ssl=1\" class=\"attachment-post-thumbnail size-post-thumbnail wp-post-image\" alt=\"\" decoding=\"async\" srcset=\"https:\/\/i0.wp.com\/www.guinee7.com\/wp-content\/uploads\/2025\/10\/General-Mamadi-Doumbouya.jpg?w=700&amp;ssl=1 700w, https:\/\/i0.wp.com\/www.guinee7.com\/wp-content\/uploads\/2025\/10\/General-Mamadi-Doumbouya.jpg?resize=300%2C261&amp;ssl=1 300w\" sizes=\"(max-width: 700px) 100vw, 700px\"><\/div>\n<p><span style=\"font-size: 18px;\">D\u00e9cid\u00e9ment, Mamadi Doumbouya n\u2019est pas un candidat comme un autre. D\u00e9cid\u00e9ment, il ne fait pas comme les autres. D\u00e9cid\u00e9ment, il est r\u00e9solu \u00e0 coincer ses adversaires dans un coin du ring, ou plut\u00f4t \u00e0 leur faire comprendre qu\u2019il ne boxe pas dans la m\u00eame cat\u00e9gorie qu\u2019eux. De toute \u00e9vidence, il a choisi d\u2019impulser un autre \u00e9lan \u00e0 la campagne \u00e9lectorale, d\u2019y imprimer une forte dynamique et de lancer un d\u00e9fi \u00e0 la hauteur de ses ambitions comme des attentes du peuple.<\/span><\/p>\n<p><span style=\"font-size: 18px;\">Depuis plusieurs mois d\u00e9j\u00e0, les Guin\u00e9ens, venus de tous les horizons du pays, appelaient de leurs v\u0153ux le Pr\u00e9sident Mamadi Doumbouya \u00e0 briguer la magistrature supr\u00eame. L\u2019acceptation de cette demande, exprim\u00e9e par l\u2019homme du 05 septembre 2021, a r\u00e9sonn\u00e9 comme un profond soupir de soulagement \u00e0 travers toute la Guin\u00e9e. Mais en entrant dans l\u2019ar\u00e8ne politique, il n\u2019a jamais nourri l\u2019intention d\u2019\u00eatre un candidat ordinaire, encore moins de mener une campagne conforme aux usages \u00e9cul\u00e9s.<\/span><\/p>\n<p><span style=\"font-size: 18px;\">Aujourd\u2019hui, il sublime cette d\u00e9marche en lan\u00e7ant un crowdfunding, symbole fort de rassemblement, de solidarit\u00e9 active et d\u2019union sacr\u00e9e. Cette initiative porte un nom lourd de sens \u00ab Partage \u00bb. Plus qu\u2019une simple plateforme de mobilisation de ressources, &lt;&lt; Partage &gt;&gt; est un espace civique o\u00f9 les contributions de citoyens de toutes conditions traduisent une m\u00eame volont\u00e9, celle de soutenir le candidat de la G\u00e9n\u00e9ration pour la Modernit\u00e9 et le D\u00e9veloppement. Ici, le partage n\u2019est pas uniquement r\u00e9duit \u00e0 l\u2019acte financier, il devient dans le m\u00eame temps un langage politique, un lien assum\u00e9 entre le candidat et le peuple.<\/span><\/p>\n<p><span style=\"font-size: 18px;\">Ainsi, la rencontre entre un homme et le peuple dont il sollicite le suffrage ne se joue pas uniquement dans le silence de l\u2019isoloir. Elle commence d\u00e8s l\u2019annonce de la candidature, elle se vit, se construit et se manifeste au grand jour. \u00c0 la GMD, cette rencontre prend d\u00e9sormais corps et visage \u00e0 travers \u00ab Partage \u00bb, expression tangible d\u2019une proximit\u00e9 revendiqu\u00e9e et d\u2019une confiance r\u00e9ciproque assum\u00e9e.<\/span><\/p>\n<p><span style=\"font-size: 18px;\">Le message est limpide. En r\u00e9pondant \u00e0 l\u2019appel, le candidat Mamadi Doumbouya invite ses soutiens \u00e0 s\u2019engager pleinement, d\u2019un bout \u00e0 l\u2019autre de la comp\u00e9tition. La Guin\u00e9e est l\u2019affaire de tous. Parce que notre pays se trouve \u00e0 un tournant d\u00e9cisif de son histoire, chaque citoyen est appel\u00e9 \u00e0 la d\u00e9termination, au sens du devoir et \u00e0 l\u2019esprit de partage. Le credo de notre candidat est clair. Il s\u2019agit de sortir de cette \u00e9lection en d\u00e9montrant une adh\u00e9sion et un soutien qui d\u00e9passent largement le simple geste du vote.<\/span><\/p>\n<p><span style=\"font-size: 18px;\">Voil\u00e0 pourquoi cette pr\u00e9sidentielle n\u2019est pas une \u00e9lection comme les autres. Elle n\u2019est ni une formalit\u00e9 politique ni un rendez-vous banal. Son exigence d\u00e9mocratique va bien au-del\u00e0 du bulletin. Elle convoque l\u2019engagement, la participation et la responsabilit\u00e9 collective. Elle porte en elle les germes d\u2019une Guin\u00e9e nouvelle etsolidaire, une Guin\u00e9e o\u00f9 le patriotisme se vit et se partage, une Guin\u00e9e qui appelle chaque Guin\u00e9enne et chaque Guin\u00e9en \u00e0 prendre sa part de l\u2019effort commun. &lt;&lt; Partage &gt;&gt; en est la traduction concr\u00e8te, visible et assum\u00e9e.<\/span><\/p>\n<p><span style=\"font-size: 18px;\">Puisqu\u2019il s\u2019agit de l\u2019avenir du pays, les citoyens doivent se mobiliser \u00e0 tous les niveaux. Et il ne s\u2019agit nullement d\u2019un candidat qui souhaiterait voir les contributions financi\u00e8res entour\u00e9es d\u2019opacit\u00e9. Bien au contraire, les appuis re\u00e7us b\u00e9n\u00e9ficieront d\u2019une tra\u00e7abilit\u00e9 incontestable, gr\u00e2ce \u00e0 des canaux officiels et rigoureusement identifi\u00e9s. Toute collecte effectu\u00e9e en dehors de ce cadre est irr\u00e9guli\u00e8re et n\u2019engage en rien la responsabilit\u00e9 du Directoire. Qu\u2019on se le dise une bonne fois pour toutes.<\/span><\/p>\n<p><span style=\"font-size: 18px;\">se Ce qui ne souffre aucune ambigu\u00eft\u00e9, c\u2019est que ces appels \u00e0 contribution s\u2019inscrivent dans la ligne droite de la vision du candidat de la G\u00e9n\u00e9ration pour la Modernit\u00e9 et le D\u00e9veloppement: B\u00e2tir Ensemble. Cela signifie que la Guin\u00e9e de demain \u2013 la Guin\u00e9e port\u00e9e par le Projet de Soci\u00e9t\u00e9 d\u00e9fendu par le candidat Mamadi Doumbouya construira avec l\u2019implication de chacun. Chacun apporte sa pierre, selon ses moyens, pour b\u00e2tir ensemble la Guin\u00e9e \u00e0 laquelle nous aspirons. Ce n\u2019est pas une simple proclamation de soutien, c\u2019est une mobilisation totale, personnelle, physique, humaine, mat\u00e9rielle et financi\u00e8re.<\/span><\/p>\n<p><span style=\"font-size: 18px;\">C\u2019est un acte de confiance, le sceau d\u2019un pacte collectif, une d\u00e9termination commune \u00e0 marcher c\u00f4te \u00e0 c\u00f4te vers une esp\u00e9rance partag\u00e9e, celle d\u2019une Guin\u00e9e de paix et de prosp\u00e9rit\u00e9. Le candidat attend la mobilisation du peuple, parce qu\u2019\u00e0 ce peuple, et \u00e0 lui exclusivement, il reste redevable. Avec ses compagnons, il a affront\u00e9 la mort. D\u00e9sormais, avec le peuple et ses fr\u00e8res d\u2019armes, il choisit d\u2019aller vers la vie de cette Guin\u00e9e dont la construction doit \u00eatre l\u2019\u0153uvre de tous.<\/span><\/p>\n<p><span style=\"font-size: 18px;\">Voil\u00e0 tout le sens de \u00ab Partage \u00bb, toute la quintessence de la volont\u00e9 in\u00e9branlable de notre candidat de B\u00c2TIR ENSEMBLE.<\/span><\/p>\n<p><strong><span style=\"font-size: 18px;\">P\u00f4le communication GMD | B\u00e2tir Ensemble!<\/span><\/strong><!--\/data\/user\/0\/com.samsung.android.app.notes\/files\/clipdata\/clipdata_bodytext_251213_203550_185.sdocx--><\/p>\n<p>L\u2019article <a href=\"https:\/\/www.guinee7.com\/2025\/12\/13\/partage-ou-la-politique-du-lien-et-de-la-responsabilite-collective\/\">\u00ab Partage \u00bb, ou la politique du lien et de la responsabilit\u00e9 collective<\/a> est apparu en premier sur <a href=\"https:\/\/www.guinee7.com\/\">Guinee7.com<\/a>.<\/p>\n<\/div>\n","protected":false},"excerpt":{"rendered":"<p>D\u00e9cid\u00e9ment, Mamadi Doumbouya n\u2019est pas un candidat comme un autre. D\u00e9cid\u00e9ment, il ne fait pas comme les autres. D\u00e9cid\u00e9ment, il est r\u00e9solu \u00e0 coincer ses adversaires dans un coin du ring, ou plut\u00f4t \u00e0 leur faire comprendre qu\u2019il ne boxe pas dans la m\u00eame cat\u00e9gorie qu\u2019eux. De toute \u00e9vidence, il a choisi d\u2019impulser un autre &hellip;<\/p>\n","protected":false},"author":1,"featured_media":0,"comment_status":"closed","ping_status":"closed","sticky":false,"template":"","format":"standard","meta":{"footnotes":""},"categories":[2],"tags":[22],"_links":{"self":[{"href":"https:\/\/sn.ambaguinee.org\/index.php?rest_route=\/wp\/v2\/posts\/89088"}],"collection":[{"href":"https:\/\/sn.ambaguinee.org\/index.php?rest_route=\/wp\/v2\/posts"}],"about":[{"href":"https:\/\/sn.ambaguinee.org\/index.php?rest_route=\/wp\/v2\/types\/post"}],"author":[{"embeddable":true,"href":"https:\/\/sn.ambaguinee.org\/index.php?rest_route=\/wp\/v2\/users\/1"}],"replies":[{"embeddable":true,"href":"https:\/\/sn.ambaguinee.org\/index.php?rest_route=%2Fwp%2Fv2%2Fcomments&post=89088"}],"version-history":[{"count":0,"href":"https:\/\/sn.ambaguinee.org\/index.php?rest_route=\/wp\/v2\/posts\/89088\/revisions"}],"wp:attachment":[{"href":"https:\/\/sn.ambaguinee.org\/index.php?rest_route=%2Fwp%2Fv2%2Fmedia&parent=89088"}],"wp:term":[{"taxonomy":"category","embeddable":true,"href":"https:\/\/sn.ambaguinee.org\/index.php?rest_route=%2Fwp%2Fv2%2Fcategories&post=89088"},{"taxonomy":"post_tag","embeddable":true,"href":"https:\/\/sn.ambaguinee.org\/index.php?rest_route=%2Fwp%2Fv2%2Ftags&post=89088"}],"curies":[{"name":"wp","href":"https:\/\/api.w.org\/{rel}","templated":true}]}}