{"id":89146,"date":"2025-12-14T23:22:44","date_gmt":"2025-12-14T22:22:44","guid":{"rendered":"https:\/\/sn.ambaguinee.org\/?p=89146"},"modified":"2025-12-14T23:22:44","modified_gmt":"2025-12-14T22:22:44","slug":"k%f0%9d%99%96%f0%9d%99%a3%f0%9d%99%a0%f0%9d%99%96%f0%9d%99%a3-%f0%9d%99%aa%f0%9d%99%a3%f0%9d%99%9a-%f0%9d%99%a2%f0%9d%99%a4%f0%9d%99%97%f0%9d%99%9e%f0%9d%99%a1%f0%9d%99%9e%f0%9d%99%a8%f0%9d%99%96","status":"publish","type":"post","link":"https:\/\/sn.ambaguinee.org\/?p=89146","title":{"rendered":"K\ud835\ude56\ud835\ude63\ud835\ude60\ud835\ude56\ud835\ude63 : \ud835\ude6a\ud835\ude63\ud835\ude5a \ud835\ude62\ud835\ude64\ud835\ude57\ud835\ude5e\ud835\ude61\ud835\ude5e\ud835\ude68\ud835\ude56\ud835\ude69\ud835\ude5e\ud835\ude64\ud835\ude63 \ud835\ude58\ud835\ude5e\ud835\ude69\ud835\ude64\ud835\ude6e\ud835\ude5a\ud835\ude63\ud835\ude63\ud835\ude5a \ud835\ude59\u2019\ud835\ude56\ud835\ude62\ud835\ude65\ud835\ude61\ud835\ude5a\ud835\ude6a\ud835\ude67 \ud835\ude63\ud835\ude56\ud835\ude69\ud835\ude5e\ud835\ude64\ud835\ude63\ud835\ude56\ud835\ude61\ud835\ude5a \ud835\ude64\ud835\ude57\ud835\ude68\ud835\ude5a\ud835\ude67\ud835\ude6b\u00e9\ud835\ude5a \u00e0 \ud835\ude61\ud835\ude56 \ud835\ude58\ud835\ude56\ud835\ude62\ud835\ude65\ud835\ude56\ud835\ude5c\ud835\ude63\ud835\ude5a \ud835\ude65\ud835\ude67\u00e9\ud835\ude68\ud835\ude5e\ud835\ude59\ud835\ude5a\ud835\ude63\ud835\ude69\ud835\ude5e\ud835\ude5a\ud835\ude61\ud835\ude61\ud835\ude5a \ud835\ude65\ud835\ude64\ud835\ude6a\ud835\ude67 \ud835\ude61\ud835\ude5a \ud835\ude58\ud835\ude56\ud835\ude63\ud835\ude59\ud835\ude5e\ud835\ude59\ud835\ude56\ud835\ude69 \ud835\ude4b\ud835\ude67\u00e9\ud835\ude68\ud835\ude5e\ud835\ude59\ud835\ude5a\ud835\ude63t \ud835\ude48\ud835\ude56\ud835\ude62\ud835\ude56\ud835\ude59\ud835\ude5e \ud835\ude3f\ud835\ude4a\ud835\ude50\ud835\ude48\ud835\ude3d\ud835\ude4a\ud835\ude50\ud835\ude54\ud835\ude3c"},"content":{"rendered":"<div>\n<div style=\"margin-bottom:20px;\"><img width=\"614\" height=\"920\"src=\"https:\/\/i0.wp.com\/www.guinee7.com\/wp-content\/uploads\/2025\/12\/IMG-20251214-WA0004.jpg?w=614&amp;ssl=1\" class=\"attachment-post-thumbnail size-post-thumbnail wp-post-image\" alt=\"\" decoding=\"async\" srcset=\"https:\/\/i0.wp.com\/www.guinee7.com\/wp-content\/uploads\/2025\/12\/IMG-20251214-WA0004.jpg?w=614&amp;ssl=1 614w, https:\/\/i0.wp.com\/www.guinee7.com\/wp-content\/uploads\/2025\/12\/IMG-20251214-WA0004.jpg?resize=200%2C300&amp;ssl=1 200w\" sizes=\"(max-width: 614px) 100vw, 614px\"><\/div>\n<p><span style=\"font-size: 18px;\">\ud835\ude46\ud835\ude56\ud835\ude63\ud835\ude60\ud835\ude56\ud835\ude63 \u2013 La ville de Kankan a \u00e9t\u00e9, ce jour 13 \ud835\ude59\u00e9\ud835\ude58\ud835\ude5a\ud835\ude62\ud835\ude57\ud835\ude67\ud835\ude5a 2025, le th\u00e9\u00e2tre d\u2019une mobilisation citoyenne d\u2019une ampleur remarquable, marquant l\u2019entr\u00e9e de plain-pied de l\u2019espace public local dans la dynamique nationale pr\u00e9c\u00e9dant l\u2019\u00e9lection pr\u00e9sidentielle \ud835\ude59\ud835\ude6a 28 \ud835\ude59\u00e9\ud835\ude58\ud835\ude5a\ud835\ude62\ud835\ude57\ud835\ude67\ud835\ude5a 2025.<\/span><\/p>\n<p><span style=\"font-size: 18px;\"> La forte affluence enregistr\u00e9e, la densit\u00e9 de la participation et l\u2019occupation structur\u00e9e de l\u2019espace urbain t\u00e9moignent d\u2019un moment politique majeur, largement relay\u00e9 par les observateurs et les m\u00e9dias.<\/span><\/p>\n<p><span style=\"font-size: 18px;\">D\u00e8s les premi\u00e8res heures, des milliers de citoyens ont converg\u00e9 vers le site de rassemblement, dans un climat d\u2019ordre, de ferveur civique et de discipline collective. <\/span><\/p>\n<p><span style=\"font-size: 18px;\">La configuration de la place, l\u2019implantation de la tribune, les dispositifs de sonorisation et de s\u00e9curisation, ainsi que la circulation ma\u00eetris\u00e9e des participants, traduisent une organisation m\u00e9thodique et anticip\u00e9e.<\/span><\/p>\n<p><img data-recalc-dims=\"1\" decoding=\"async\" class=\"alignnone wp-image-124640 size-full\"src=\"https:\/\/i0.wp.com\/www.guinee7.com\/wp-content\/uploads\/2025\/12\/IMG-20251214-WA0009.jpg?w=498&amp;ssl=1\" alt=\"\" width=\"498\" height=\"1080\" srcset=\"https:\/\/i0.wp.com\/www.guinee7.com\/wp-content\/uploads\/2025\/12\/IMG-20251214-WA0009.jpg?w=498&amp;ssl=1 498w, https:\/\/i0.wp.com\/www.guinee7.com\/wp-content\/uploads\/2025\/12\/IMG-20251214-WA0009.jpg?resize=138%2C300&amp;ssl=1 138w, https:\/\/i0.wp.com\/www.guinee7.com\/wp-content\/uploads\/2025\/12\/IMG-20251214-WA0009.jpg?resize=472%2C1024&amp;ssl=1 472w\" sizes=\"(max-width: 498px) 100vw, 498px\"><\/p>\n<p><span style=\"font-size: 18px;\">L\u2019\u00e9v\u00e9nement a rassembl\u00e9 des d\u00e9l\u00e9gations venues de diff\u00e9rents quartiers et localit\u00e9s environnantes, illustrant l\u2019ancrage territorial et la capacit\u00e9 de mobilisation de la ville.<\/span><\/p>\n<p><span style=\"font-size: 18px;\">Par son ampleur et sa visibilit\u00e9, cette mobilisation r\u00e9ussie aujourd\u2019hui \u00e0 Kankan, s\u2019inscrit comme un signal politique fort dans le paysage national pour l\u2019accession de leur candidat, \ud835\ude61\ud835\ude5a \ud835\ude4b\ud835\ude67\u00e9\ud835\ude68\ud835\ude5e\ud835\ude59\ud835\ude5a\ud835\ude63\ud835\ude69 \ud835\ude48\ud835\ude56\ud835\ude62\ud835\ude56\ud835\ude59\ud835\ude5e \ud835\ude3f\ud835\ude4a\ud835\ude50\ud835\ude48\ud835\ude3d\ud835\ude4a\ud835\ude50\ud835\ude54\ud835\ude3c \u00e0 la magistrature supr\u00eame. Elle r\u00e9v\u00e8le une ville pleinement engag\u00e9e dans le d\u00e9bat public et attentive aux \u00e9ch\u00e9ances institutionnelles \u00e0 venir. Pour de nombreux observateurs, cette s\u00e9quence constitue un indicateur de la centralit\u00e9 croissante des grandes villes de l\u2019int\u00e9rieur dans l\u2019animation de la vie politique et citoyenne.<\/span><br \/><span style=\"font-size: 18px;\">La r\u00e9ussite logistique et organisationnelle de cette mobilisation est attribu\u00e9e \u00e0 une coordination r\u00e9gionale clairement identifi\u00e9e. \u00c0 cet \u00e9gard, le r\u00f4le de \ud835\ude48. \ud835\ude3d\ud835\ude5e\ud835\ude61\ud835\ude61\ud835\ude6e \ud835\ude3e\ud835\ude64\ud835\ude63\ud835\ude59\u00e9, en sa qualit\u00e9 de Directeur r\u00e9gional de campagne, a \u00e9t\u00e9 d\u00e9terminant dans la planification et la mise en \u0153uvre des actions de terrain.<\/span><\/p>\n<p><span style=\"font-size: 18px;\">La Coordination g\u00e9n\u00e9rale de campagne, assur\u00e9e par \ud835\ude48\ud835\ude62\ud835\ude5a \ud835\ude3c\u00ef\ud835\ude58\ud835\ude5d\ud835\ude56 \ud835\ude3f\ud835\ude64\ud835\ude6a\ud835\ude62\ud835\ude57\ud835\ude64\ud835\ude6a\ud835\ude6e\ud835\ude56, a permis d\u2019assurer la coh\u00e9rence strat\u00e9gique, la synchronisation des \u00e9quipes et la fluidit\u00e9 des interventions.<\/span><\/p>\n<p><span style=\"font-size: 18px;\">Par ailleurs, l\u2019appui organisationnel apport\u00e9 par \ud835\ude48. \ud835\ude41\ud835\ude64\ud835\ude59\u00e9 \ud835\ude4f\ud835\ude64\ud835\ude6a\ud835\ude67\u00e9, \ud835\ude3f\ud835\ude5e\ud835\ude67\ud835\ude5a\ud835\ude58\ud835\ude69\ud835\ude5a\ud835\ude6a\ud835\ude67 \ud835\ude5c\u00e9\ud835\ude63\u00e9\ud835\ude67\ud835\ude56\ud835\ude61 \ud835\ude59\ud835\ude6a \ud835\ude41\ud835\ude64\ud835\ude63\ud835\ude59\ud835\ude68 \ud835\ude59\ud835\ude5a \ud835\ude61\u2019\ud835\ude40\ud835\ude63\ud835\ude6b\ud835\ude5e\ud835\ude67\ud835\ude64\ud835\ude63\ud835\ude63\ud835\ude5a\ud835\ude62\ud835\ude5a\ud835\ude63\ud835\ude69 \ud835\ude5a\ud835\ude69 \ud835\ude59\ud835\ude6a \ud835\ude3e\ud835\ude56\ud835\ude65\ud835\ude5e\ud835\ude69\ud835\ude56\ud835\ude61 \ud835\ude49\ud835\ude56\ud835\ude69\ud835\ude6a\ud835\ude67\ud835\ude5a\ud835\ude61 (\ud835\ude41\ud835\ude40\ud835\ude3e\ud835\ude3c\ud835\ude49), a l\u2019\u00e9quipe du directoire a contribu\u00e9 au bon d\u00e9roulement des activit\u00e9s, notamment en mati\u00e8re de coordination intersectorielle.<\/span><\/p>\n<p><span style=\"font-size: 18px;\">Au-del\u00e0 de l\u2019\u00e9v\u00e9nement lui-m\u00eame, la mobilisation de \ud835\ude46\ud835\ude56\ud835\ude63\ud835\ude60\ud835\ude56\ud835\ude63 appara\u00eet comme un barom\u00e8tre de la dynamique territoriale actuelle. Elle met en \u00e9vidence la capacit\u00e9 des acteurs locaux \u00e0 structurer des rassemblements d\u2019envergure, \u00e0 f\u00e9d\u00e9rer les \u00e9nergies citoyennes et \u00e0 inscrire la ville dans les grands rendez-vous de la vie d\u00e9mocratique nationale.<\/span><\/p>\n<p><span style=\"font-size: 18px;\">Enfin, la mobilisation observ\u00e9e \u00e0 \ud835\ude46\ud835\ude56\ud835\ude63\ud835\ude60\ud835\ude56\ud835\ude63 s\u2019impose comme un fait politique et social majeur, caract\u00e9ris\u00e9 par sa massivit\u00e9, son organisation et sa port\u00e9e symbolique. Elle confirme le r\u00f4le strat\u00e9gique de la r\u00e9gion dans le contexte pr\u00e9\u00e9lectoral et illustre l\u2019intensit\u00e9 de l\u2019engagement citoyen \u00e0 l\u2019approche de l\u2019\u00e9ch\u00e9ance pr\u00e9sidentielle \ud835\ude59\ud835\ude6a 28 \ud835\ude59\u00e9\ud835\ude58\ud835\ude5a\ud835\ude62\ud835\ude57\ud835\ude67\ud835\ude5a 2025.<\/span><!--\/data\/user\/0\/com.samsung.android.app.notes\/files\/clipdata\/clipdata_bodytext_251214_100512_085.sdocx--><\/p>\n<p>L\u2019article <a href=\"https:\/\/www.guinee7.com\/2025\/12\/14\/%F0%9D%99%96%F0%9D%99%A3%F0%9D%99%A0%F0%9D%99%96%F0%9D%99%A3-%F0%9D%99%AA%F0%9D%99%A3%F0%9D%99%9A-%F0%9D%99%A2%F0%9D%99%A4%F0%9D%99%97%F0%9D%99%9E%F0%9D%99%A1%F0%9D%99%9E%F0%9D%99%A8%F0%9D%99%96\/\">K\ud835\ude56\ud835\ude63\ud835\ude60\ud835\ude56\ud835\ude63 : \ud835\ude6a\ud835\ude63\ud835\ude5a \ud835\ude62\ud835\ude64\ud835\ude57\ud835\ude5e\ud835\ude61\ud835\ude5e\ud835\ude68\ud835\ude56\ud835\ude69\ud835\ude5e\ud835\ude64\ud835\ude63 \ud835\ude58\ud835\ude5e\ud835\ude69\ud835\ude64\ud835\ude6e\ud835\ude5a\ud835\ude63\ud835\ude63\ud835\ude5a \ud835\ude59\u2019\ud835\ude56\ud835\ude62\ud835\ude65\ud835\ude61\ud835\ude5a\ud835\ude6a\ud835\ude67 \ud835\ude63\ud835\ude56\ud835\ude69\ud835\ude5e\ud835\ude64\ud835\ude63\ud835\ude56\ud835\ude61\ud835\ude5a \ud835\ude64\ud835\ude57\ud835\ude68\ud835\ude5a\ud835\ude67\ud835\ude6b\u00e9\ud835\ude5a \u00e0 \ud835\ude61\ud835\ude56 \ud835\ude58\ud835\ude56\ud835\ude62\ud835\ude65\ud835\ude56\ud835\ude5c\ud835\ude63\ud835\ude5a \ud835\ude65\ud835\ude67\u00e9\ud835\ude68\ud835\ude5e\ud835\ude59\ud835\ude5a\ud835\ude63\ud835\ude69\ud835\ude5e\ud835\ude5a\ud835\ude61\ud835\ude61\ud835\ude5a \ud835\ude65\ud835\ude64\ud835\ude6a\ud835\ude67 \ud835\ude61\ud835\ude5a \ud835\ude58\ud835\ude56\ud835\ude63\ud835\ude59\ud835\ude5e\ud835\ude59\ud835\ude56\ud835\ude69 \ud835\ude4b\ud835\ude67\u00e9\ud835\ude68\ud835\ude5e\ud835\ude59\ud835\ude5a\ud835\ude63t \ud835\ude48\ud835\ude56\ud835\ude62\ud835\ude56\ud835\ude59\ud835\ude5e \ud835\ude3f\ud835\ude4a\ud835\ude50\ud835\ude48\ud835\ude3d\ud835\ude4a\ud835\ude50\ud835\ude54\ud835\ude3c<\/a> est apparu en premier sur <a href=\"https:\/\/www.guinee7.com\/\">Guinee7.com<\/a>.<\/p>\n<\/div>\n","protected":false},"excerpt":{"rendered":"<p>\ud835\ude46\ud835\ude56\ud835\ude63\ud835\ude60\ud835\ude56\ud835\ude63 \u2013 La ville de Kankan a \u00e9t\u00e9, ce jour 13 \ud835\ude59\u00e9\ud835\ude58\ud835\ude5a\ud835\ude62\ud835\ude57\ud835\ude67\ud835\ude5a 2025, le th\u00e9\u00e2tre d\u2019une mobilisation citoyenne d\u2019une ampleur remarquable, marquant l\u2019entr\u00e9e de plain-pied de l\u2019espace public local dans la dynamique nationale pr\u00e9c\u00e9dant l\u2019\u00e9lection pr\u00e9sidentielle \ud835\ude59\ud835\ude6a 28 \ud835\ude59\u00e9\ud835\ude58\ud835\ude5a\ud835\ude62\ud835\ude57\ud835\ude67\ud835\ude5a 2025. La forte affluence enregistr\u00e9e, la densit\u00e9 de la participation et l\u2019occupation structur\u00e9e de l\u2019espace urbain &hellip;<\/p>\n","protected":false},"author":1,"featured_media":0,"comment_status":"closed","ping_status":"closed","sticky":false,"template":"","format":"standard","meta":{"footnotes":""},"categories":[2],"tags":[22],"_links":{"self":[{"href":"https:\/\/sn.ambaguinee.org\/index.php?rest_route=\/wp\/v2\/posts\/89146"}],"collection":[{"href":"https:\/\/sn.ambaguinee.org\/index.php?rest_route=\/wp\/v2\/posts"}],"about":[{"href":"https:\/\/sn.ambaguinee.org\/index.php?rest_route=\/wp\/v2\/types\/post"}],"author":[{"embeddable":true,"href":"https:\/\/sn.ambaguinee.org\/index.php?rest_route=\/wp\/v2\/users\/1"}],"replies":[{"embeddable":true,"href":"https:\/\/sn.ambaguinee.org\/index.php?rest_route=%2Fwp%2Fv2%2Fcomments&post=89146"}],"version-history":[{"count":0,"href":"https:\/\/sn.ambaguinee.org\/index.php?rest_route=\/wp\/v2\/posts\/89146\/revisions"}],"wp:attachment":[{"href":"https:\/\/sn.ambaguinee.org\/index.php?rest_route=%2Fwp%2Fv2%2Fmedia&parent=89146"}],"wp:term":[{"taxonomy":"category","embeddable":true,"href":"https:\/\/sn.ambaguinee.org\/index.php?rest_route=%2Fwp%2Fv2%2Fcategories&post=89146"},{"taxonomy":"post_tag","embeddable":true,"href":"https:\/\/sn.ambaguinee.org\/index.php?rest_route=%2Fwp%2Fv2%2Ftags&post=89146"}],"curies":[{"name":"wp","href":"https:\/\/api.w.org\/{rel}","templated":true}]}}