{"id":89340,"date":"2025-12-17T23:30:47","date_gmt":"2025-12-17T22:30:47","guid":{"rendered":"https:\/\/sn.ambaguinee.org\/?p=89340"},"modified":"2025-12-17T23:30:47","modified_gmt":"2025-12-17T22:30:47","slug":"presidentielle-2025-informer-sans-attiser-le-defi-des-journalistes-guineens","status":"publish","type":"post","link":"https:\/\/sn.ambaguinee.org\/?p=89340","title":{"rendered":"Pr\u00e9sidentielle 2025 : informer sans attiser, le d\u00e9fi des journalistes guin\u00e9ens"},"content":{"rendered":"<div>\n<div style=\"margin-bottom:20px;\"><img width=\"1000\" height=\"563\"src=\"https:\/\/i0.wp.com\/www.guinee7.com\/wp-content\/uploads\/2025\/12\/IMG-20251217-WA0046.jpg?w=1000&amp;ssl=1\" class=\"attachment-post-thumbnail size-post-thumbnail wp-post-image\" alt=\"\" decoding=\"async\" srcset=\"https:\/\/i0.wp.com\/www.guinee7.com\/wp-content\/uploads\/2025\/12\/IMG-20251217-WA0046.jpg?w=1000&amp;ssl=1 1000w, https:\/\/i0.wp.com\/www.guinee7.com\/wp-content\/uploads\/2025\/12\/IMG-20251217-WA0046.jpg?resize=300%2C169&amp;ssl=1 300w, https:\/\/i0.wp.com\/www.guinee7.com\/wp-content\/uploads\/2025\/12\/IMG-20251217-WA0046.jpg?resize=768%2C432&amp;ssl=1 768w\" sizes=\"(max-width: 1000px) 100vw, 1000px\"><\/div>\n<p><span style=\"font-size: 18px;\">En marge de la Semaine nationale des m\u00e9tiers de l\u2019information et de la communication (SENAMIC), qui se tient actuellement \u00e0 Conakry, un panel plac\u00e9 sous le th\u00e8me \u00ab R\u00f4le et responsabilit\u00e9 des journalistes en p\u00e9riode \u00e9lectorale : cas de la pr\u00e9sidentielle du 28 d\u00e9cembre 2025 \u00bb s\u2019est tenu ce mercredi 17 d\u00e9cembre 2025.<\/span><\/p>\n<p><span style=\"font-size: 18px;\">La rencontre a r\u00e9uni Ibrahima Sory Traor\u00e9, administrateur g\u00e9n\u00e9ral du site Guinee7.com, et Amadou Diallo, consultant et ancien correspondant de la BBC en Guin\u00e9e. La mod\u00e9ration a \u00e9t\u00e9 assur\u00e9e par Dr Thierno Barry, enseignant \u00e0 l\u2019ISIC de Kountia.<\/span><\/p>\n<p><span style=\"font-size: 18px;\">Apr\u00e8s avoir plant\u00e9 le d\u00e9cor et dress\u00e9 un \u00e9tat des lieux du contexte \u00e9lectoral, les deux pan\u00e9listes ont longuement insist\u00e9 sur les comportements que les journalistes doivent adopter en p\u00e9riode \u00e9lectorale.<\/span><\/p>\n<p><span style=\"font-size: 18px;\">Selon Amadou Diallo, le journaliste a pour mission d\u2019expliquer aux \u00e9lecteurs les enjeux de l\u2019\u00e9lection, l\u2019importance du recensement, ainsi que le r\u00f4le central du processus \u00e9lectoral dans une d\u00e9mocratie. Il doit \u00e9galement informer sur l\u2019organisation du scrutin, l\u2019importance de la participation \u00e9lectorale et les m\u00e9canismes de publication des r\u00e9sultats \u2014 partiels, provisoires et d\u00e9finitifs. \u00ab C\u2019est de notre responsabilit\u00e9, en tant que m\u00e9dias, d\u2019inciter les \u00e9lecteurs \u00e0 aller massivement voter. Il ne faut pas dire que c\u2019est le r\u00f4le du gouvernement. Nous avons, en tant que m\u00e9dias, un r\u00f4le de promotion de la d\u00e9mocratie \u00bb, a-t-il d\u00e9clar\u00e9, tout en pr\u00e9cisant que tout cela doit se faire avant le d\u00e9marrage officiel de la campagne \u00e9lectorale.<\/span><\/p>\n<p><span style=\"font-size: 18px;\">Abordant le m\u00eame sujet, Ibrahima Sory Traor\u00e9 a soulign\u00e9 l\u2019importance pour le journaliste de s\u2019int\u00e9resser aux candidats et \u00e0 leurs projets de soci\u00e9t\u00e9. \u00ab Il faut s\u2019int\u00e9resser \u00e0 ce que dit le candidat pendant les \u00e9lections. Il faut parfois v\u00e9rifier les chiffres. C\u2019est tr\u00e8s important, car la politique \u00e9tant ce qu\u2019elle est, il arrive que certains responsables tentent de manipuler des chiffres. C\u2019est le r\u00f4le du journaliste de les examiner, de les v\u00e9rifier et de donner la bonne information. Il faut aussi contextualiser les propos et les d\u00e9clarations \u00bb, a-t-il soulign\u00e9.<\/span><\/p>\n<p><span style=\"font-size: 18px;\">En r\u00e9sum\u00e9, l\u2019administrateur g\u00e9n\u00e9ral de Guinee7.com a d\u00e9clar\u00e9 : \u00ab Le journaliste, en p\u00e9riode \u00e9lectorale, ne devient pas plus important ; il devient simplement plus dangereux pour le mensonge, la manipulation et la haine. \u00bb<\/span><\/p>\n<p><span style=\"font-size: 18px;\">De son c\u00f4t\u00e9, l\u2019ancien correspondant de la BBC en Guin\u00e9e a conclu en appelant \u00e0 une vigilance accrue : \u00ab \u00catre critique, certes, mais en s\u2019appuyant sur les faits et en se rappelant que nous sommes des journalistes guin\u00e9ens \u00e9voluant dans un environnement sensible. D\u00e8s le d\u00e9part, il faut planter le d\u00e9cor et analyser le contexte g\u00e9n\u00e9ral. L\u2019environnement est tr\u00e8s sensible. Peut-\u00eatre que certains ne per\u00e7oivent pas, pour ces \u00e9lections, la sensibilit\u00e9 de cet environnement. Mais ceux qui ont v\u00e9cu les \u00e9lections pr\u00e9c\u00e9dentes savent que les p\u00e9riodes \u00e9lectorales en Guin\u00e9e ont souvent \u00e9t\u00e9 marqu\u00e9es par de fortes tensions. Il y a eu des d\u00e9placements de populations, des personnes quittant la capitale pour l\u2019int\u00e9rieur du pays ou des r\u00e9gions pour rejoindre leurs r\u00e9gions d\u2019origine. Le pays a m\u00eame failli basculer dans la guerre et la confrontation civile. Les informations que nous diffusons peuvent soit apaiser, soit attiser les tensions, et nous devons refuser cette derni\u00e8re option. \u00bb<\/span><\/p>\n<p><span style=\"font-size: 18px;\">Il convient de rappeler que la SENAMIC, ouverte ce mercredi \u00e0 Conakry, est organis\u00e9e par le minist\u00e8re de l\u2019Information et de la Communication.<\/span><\/p>\n<p><strong><span style=\"font-size: 18px;\">Bhoye Barry pour guinee7.com<\/span><\/strong><!--\/data\/user\/0\/com.samsung.android.app.notes\/files\/clipdata\/clipdata_bodytext_251217_213746_133.sdocx--><\/p>\n<p>L\u2019article <a href=\"https:\/\/www.guinee7.com\/2025\/12\/17\/presidentielle-2025-informer-sans-attiser-le-defi-des-journalistes-guineens\/\">Pr\u00e9sidentielle 2025 : informer sans attiser, le d\u00e9fi des journalistes guin\u00e9ens<\/a> est apparu en premier sur <a href=\"https:\/\/www.guinee7.com\/\">Guinee7.com<\/a>.<\/p>\n<\/div>\n","protected":false},"excerpt":{"rendered":"<p>En marge de la Semaine nationale des m\u00e9tiers de l\u2019information et de la communication (SENAMIC), qui se tient actuellement \u00e0 Conakry, un panel plac\u00e9 sous le th\u00e8me \u00ab R\u00f4le et responsabilit\u00e9 des journalistes en p\u00e9riode \u00e9lectorale : cas de la pr\u00e9sidentielle du 28 d\u00e9cembre 2025 \u00bb s\u2019est tenu ce mercredi 17 d\u00e9cembre 2025. La rencontre &hellip;<\/p>\n","protected":false},"author":1,"featured_media":0,"comment_status":"closed","ping_status":"closed","sticky":false,"template":"","format":"standard","meta":{"footnotes":""},"categories":[2],"tags":[22],"_links":{"self":[{"href":"https:\/\/sn.ambaguinee.org\/index.php?rest_route=\/wp\/v2\/posts\/89340"}],"collection":[{"href":"https:\/\/sn.ambaguinee.org\/index.php?rest_route=\/wp\/v2\/posts"}],"about":[{"href":"https:\/\/sn.ambaguinee.org\/index.php?rest_route=\/wp\/v2\/types\/post"}],"author":[{"embeddable":true,"href":"https:\/\/sn.ambaguinee.org\/index.php?rest_route=\/wp\/v2\/users\/1"}],"replies":[{"embeddable":true,"href":"https:\/\/sn.ambaguinee.org\/index.php?rest_route=%2Fwp%2Fv2%2Fcomments&post=89340"}],"version-history":[{"count":0,"href":"https:\/\/sn.ambaguinee.org\/index.php?rest_route=\/wp\/v2\/posts\/89340\/revisions"}],"wp:attachment":[{"href":"https:\/\/sn.ambaguinee.org\/index.php?rest_route=%2Fwp%2Fv2%2Fmedia&parent=89340"}],"wp:term":[{"taxonomy":"category","embeddable":true,"href":"https:\/\/sn.ambaguinee.org\/index.php?rest_route=%2Fwp%2Fv2%2Fcategories&post=89340"},{"taxonomy":"post_tag","embeddable":true,"href":"https:\/\/sn.ambaguinee.org\/index.php?rest_route=%2Fwp%2Fv2%2Ftags&post=89340"}],"curies":[{"name":"wp","href":"https:\/\/api.w.org\/{rel}","templated":true}]}}