{"id":89411,"date":"2025-12-18T23:04:37","date_gmt":"2025-12-18T22:04:37","guid":{"rendered":"https:\/\/sn.ambaguinee.org\/?p=89411"},"modified":"2025-12-18T23:04:37","modified_gmt":"2025-12-18T22:04:37","slug":"justice-algassimou-diallo-nomme-procureur-de-la-republique-a-nzerekore","status":"publish","type":"post","link":"https:\/\/sn.ambaguinee.org\/?p=89411","title":{"rendered":"Justice : Algassimou Diallo nomm\u00e9 procureur de la R\u00e9publique \u00e0 N\u2019z\u00e9r\u00e9kor\u00e9"},"content":{"rendered":"<div>\n<div style=\"margin-bottom:20px;\"><img width=\"1080\" height=\"713\"src=\"https:\/\/i0.wp.com\/www.guinee7.com\/wp-content\/uploads\/2025\/12\/IMG-20251218-WA0067.jpg?w=1080&amp;ssl=1\" class=\"attachment-post-thumbnail size-post-thumbnail wp-post-image\" alt=\"\" decoding=\"async\" srcset=\"https:\/\/i0.wp.com\/www.guinee7.com\/wp-content\/uploads\/2025\/12\/IMG-20251218-WA0067.jpg?w=1080&amp;ssl=1 1080w, https:\/\/i0.wp.com\/www.guinee7.com\/wp-content\/uploads\/2025\/12\/IMG-20251218-WA0067.jpg?resize=300%2C198&amp;ssl=1 300w, https:\/\/i0.wp.com\/www.guinee7.com\/wp-content\/uploads\/2025\/12\/IMG-20251218-WA0067.jpg?resize=1024%2C676&amp;ssl=1 1024w, https:\/\/i0.wp.com\/www.guinee7.com\/wp-content\/uploads\/2025\/12\/IMG-20251218-WA0067.jpg?resize=768%2C507&amp;ssl=1 768w\" sizes=\"(max-width: 1080px) 100vw, 1080px\"><\/div>\n<p><span style=\"font-size: 18px;\">De nouvelles nominations de magistrats sont intervenues ce jeudi 18 d\u00e9cembre 2025. Ces d\u00e9cisions, motiv\u00e9es par les n\u00e9cessit\u00e9s du service, concernent plusieurs juridictions du pays.<\/span><\/p>\n<p><span style=\"font-size: 18px;\">\u00c0 la Cour supr\u00eame, au niveau du parquet g\u00e9n\u00e9ral, M. Ibrahima Camara, pr\u00e9c\u00e9demment procureur de la R\u00e9publique pr\u00e8s le tribunal de premi\u00e8re instance de N\u2019z\u00e9r\u00e9kor\u00e9, est nomm\u00e9 avocat g\u00e9n\u00e9ral.<\/span><\/p>\n<p><span style=\"font-size: 18px;\">\u00c0 la Cour d\u2019appel de Kankan, M. Marouane Bald\u00e9, jusque-l\u00e0 procureur de la R\u00e9publique pr\u00e8s le tribunal de premi\u00e8re instance de Macenta, est nomm\u00e9 procureur g\u00e9n\u00e9ral.<\/span><\/p>\n<p><span style=\"font-size: 18px;\">Par ailleurs, Salimou Diaby, ancien juge d\u2019instruction au tribunal de premi\u00e8re instance de Lab\u00e9, est nomm\u00e9 procureur de la R\u00e9publique pr\u00e8s le tribunal de premi\u00e8re instance de Macenta.<\/span><\/p>\n<p><span style=\"font-size: 18px;\">Enfin, Algassimou Diallo, pr\u00e9c\u00e9demment procureur g\u00e9n\u00e9ral pr\u00e8s la Cour d\u2019appel de Kankan, est nomm\u00e9 procureur de la R\u00e9publique pr\u00e8s le tribunal de premi\u00e8re instance de N\u2019z\u00e9r\u00e9kor\u00e9.<\/span><\/p>\n<p><strong><span style=\"font-size: 18px;\">Bhoye Barry pour guinee7.com<\/span><\/strong><!--\/data\/user\/0\/com.samsung.android.app.notes\/files\/clipdata\/clipdata_bodytext_251218_212733_759.sdocx--><\/p>\n<p>L\u2019article <a href=\"https:\/\/www.guinee7.com\/2025\/12\/18\/justice-algassimou-diallo-nomme-procureur-de-la-republique-a-nzerekore\/\">Justice : Algassimou Diallo nomm\u00e9 procureur de la R\u00e9publique \u00e0 N\u2019z\u00e9r\u00e9kor\u00e9<\/a> est apparu en premier sur <a href=\"https:\/\/www.guinee7.com\/\">Guinee7.com<\/a>.<\/p>\n<\/div>\n","protected":false},"excerpt":{"rendered":"<p>De nouvelles nominations de magistrats sont intervenues ce jeudi 18 d\u00e9cembre 2025. Ces d\u00e9cisions, motiv\u00e9es par les n\u00e9cessit\u00e9s du service, concernent plusieurs juridictions du pays. \u00c0 la Cour supr\u00eame, au niveau du parquet g\u00e9n\u00e9ral, M. Ibrahima Camara, pr\u00e9c\u00e9demment procureur de la R\u00e9publique pr\u00e8s le tribunal de premi\u00e8re instance de N\u2019z\u00e9r\u00e9kor\u00e9, est nomm\u00e9 avocat g\u00e9n\u00e9ral. \u00c0 &hellip;<\/p>\n","protected":false},"author":1,"featured_media":0,"comment_status":"closed","ping_status":"closed","sticky":false,"template":"","format":"standard","meta":{"footnotes":""},"categories":[2],"tags":[22],"_links":{"self":[{"href":"https:\/\/sn.ambaguinee.org\/index.php?rest_route=\/wp\/v2\/posts\/89411"}],"collection":[{"href":"https:\/\/sn.ambaguinee.org\/index.php?rest_route=\/wp\/v2\/posts"}],"about":[{"href":"https:\/\/sn.ambaguinee.org\/index.php?rest_route=\/wp\/v2\/types\/post"}],"author":[{"embeddable":true,"href":"https:\/\/sn.ambaguinee.org\/index.php?rest_route=\/wp\/v2\/users\/1"}],"replies":[{"embeddable":true,"href":"https:\/\/sn.ambaguinee.org\/index.php?rest_route=%2Fwp%2Fv2%2Fcomments&post=89411"}],"version-history":[{"count":0,"href":"https:\/\/sn.ambaguinee.org\/index.php?rest_route=\/wp\/v2\/posts\/89411\/revisions"}],"wp:attachment":[{"href":"https:\/\/sn.ambaguinee.org\/index.php?rest_route=%2Fwp%2Fv2%2Fmedia&parent=89411"}],"wp:term":[{"taxonomy":"category","embeddable":true,"href":"https:\/\/sn.ambaguinee.org\/index.php?rest_route=%2Fwp%2Fv2%2Fcategories&post=89411"},{"taxonomy":"post_tag","embeddable":true,"href":"https:\/\/sn.ambaguinee.org\/index.php?rest_route=%2Fwp%2Fv2%2Ftags&post=89411"}],"curies":[{"name":"wp","href":"https:\/\/api.w.org\/{rel}","templated":true}]}}