{"id":89582,"date":"2025-12-20T23:08:59","date_gmt":"2025-12-20T22:08:59","guid":{"rendered":"https:\/\/sn.ambaguinee.org\/?p=89582"},"modified":"2025-12-20T23:08:59","modified_gmt":"2025-12-20T22:08:59","slug":"can-fin-du-rythme-biennal-place-a-un-cycle-quadriennal-apres-2027","status":"publish","type":"post","link":"https:\/\/sn.ambaguinee.org\/?p=89582","title":{"rendered":"CAN : fin du rythme biennal, place \u00e0 un cycle quadriennal apr\u00e8s 2027"},"content":{"rendered":"<div>\n<div style=\"margin-bottom:20px;\"><img width=\"1024\" height=\"576\"src=\"https:\/\/i0.wp.com\/www.guinee7.com\/wp-content\/uploads\/2025\/12\/IMG-20251220-WA0022.jpg?w=1024&amp;ssl=1\" class=\"attachment-post-thumbnail size-post-thumbnail wp-post-image\" alt=\"\" decoding=\"async\" loading=\"lazy\" srcset=\"https:\/\/i0.wp.com\/www.guinee7.com\/wp-content\/uploads\/2025\/12\/IMG-20251220-WA0022.jpg?w=1024&amp;ssl=1 1024w, https:\/\/i0.wp.com\/www.guinee7.com\/wp-content\/uploads\/2025\/12\/IMG-20251220-WA0022.jpg?resize=300%2C169&amp;ssl=1 300w, https:\/\/i0.wp.com\/www.guinee7.com\/wp-content\/uploads\/2025\/12\/IMG-20251220-WA0022.jpg?resize=768%2C432&amp;ssl=1 768w\" sizes=\"auto, (max-width: 1024px) 100vw, 1024px\"><\/div>\n<p><span style=\"font-size: 18px;\">C\u2019est l\u2019annonce majeure du jour. Le pr\u00e9sident de la Conf\u00e9d\u00e9ration Africaine de Football (CAF), Patrice Motsepe, a officialis\u00e9 ce samedi lors d\u2019une conf\u00e9rence de presse tenue \u00e0 Rabat en pr\u00e9lude au coup d\u2019envoi de la can, le passage de la Coupe d\u2019Afrique des Nations \u00e0 un rythme quadriennal \u00e0 compter de l\u2019\u00e9dition 2028.<\/span><\/p>\n<p><span style=\"font-size: 18px;\">En revanche, la CAN 2027, pr\u00e9vue conjointement au Kenya, en Tanzanie et en Ouganda, se d\u00e9roulera comme initialement annonc\u00e9 durant l\u2019\u00e9t\u00e9 2027, en conservant son format biennal. Le nouveau calendrier entrera donc en vigueur \u00e0 partir de 2028, pour les \u00e9ditions suivantes, dont les pays h\u00f4tes n\u2019ont pas encore \u00e9t\u00e9 d\u00e9sign\u00e9s.<\/span><\/p>\n<p><span style=\"font-size: 18px;\">Autre d\u00e9cision majeure : la dotation financi\u00e8re de la CAN conna\u00eetra une augmentation significative. La prime du vainqueur passera de 7 \u00e0 10 millions de dollars, et ce d\u00e8s la prochaine \u00e9dition organis\u00e9e au Maroc, dont le coup d\u2019envoi est pr\u00e9vu ce dimanche.<\/span><\/p>\n<p><span style=\"font-size: 18px;\">Ce n\u2019est pas tout. Selon plusieurs m\u00e9dias, dont Foot224, la CAF envisage \u00e9galement le lancement d\u2019une Ligue des Nations africaine \u00e0 partir de 2028.<\/span><\/p>\n<p><strong><span style=\"font-size: 18px;\">Thierno Abdoul Barry pour guinee7.com<\/span><\/strong><!--\/data\/user\/0\/com.samsung.android.app.notes\/files\/clipdata\/clipdata_bodytext_251220_152209_597.sdocx--><\/p>\n<p>L\u2019article <a href=\"https:\/\/www.guinee7.com\/2025\/12\/20\/can-fin-du-rythme-biennal-place-a-un-cycle-quadriennal-apres-2027\/\">CAN : fin du rythme biennal, place \u00e0 un cycle quadriennal apr\u00e8s 2027<\/a> est apparu en premier sur <a href=\"https:\/\/www.guinee7.com\/\">Guinee7.com<\/a>.<\/p>\n<\/div>\n","protected":false},"excerpt":{"rendered":"<p>C\u2019est l\u2019annonce majeure du jour. Le pr\u00e9sident de la Conf\u00e9d\u00e9ration Africaine de Football (CAF), Patrice Motsepe, a officialis\u00e9 ce samedi lors d\u2019une conf\u00e9rence de presse tenue \u00e0 Rabat en pr\u00e9lude au coup d\u2019envoi de la can, le passage de la Coupe d\u2019Afrique des Nations \u00e0 un rythme quadriennal \u00e0 compter de l\u2019\u00e9dition 2028. En revanche, &hellip;<\/p>\n","protected":false},"author":1,"featured_media":0,"comment_status":"closed","ping_status":"closed","sticky":false,"template":"","format":"standard","meta":{"footnotes":""},"categories":[2],"tags":[22],"_links":{"self":[{"href":"https:\/\/sn.ambaguinee.org\/index.php?rest_route=\/wp\/v2\/posts\/89582"}],"collection":[{"href":"https:\/\/sn.ambaguinee.org\/index.php?rest_route=\/wp\/v2\/posts"}],"about":[{"href":"https:\/\/sn.ambaguinee.org\/index.php?rest_route=\/wp\/v2\/types\/post"}],"author":[{"embeddable":true,"href":"https:\/\/sn.ambaguinee.org\/index.php?rest_route=\/wp\/v2\/users\/1"}],"replies":[{"embeddable":true,"href":"https:\/\/sn.ambaguinee.org\/index.php?rest_route=%2Fwp%2Fv2%2Fcomments&post=89582"}],"version-history":[{"count":0,"href":"https:\/\/sn.ambaguinee.org\/index.php?rest_route=\/wp\/v2\/posts\/89582\/revisions"}],"wp:attachment":[{"href":"https:\/\/sn.ambaguinee.org\/index.php?rest_route=%2Fwp%2Fv2%2Fmedia&parent=89582"}],"wp:term":[{"taxonomy":"category","embeddable":true,"href":"https:\/\/sn.ambaguinee.org\/index.php?rest_route=%2Fwp%2Fv2%2Fcategories&post=89582"},{"taxonomy":"post_tag","embeddable":true,"href":"https:\/\/sn.ambaguinee.org\/index.php?rest_route=%2Fwp%2Fv2%2Ftags&post=89582"}],"curies":[{"name":"wp","href":"https:\/\/api.w.org\/{rel}","templated":true}]}}