{"id":8980,"date":"2021-05-29T23:02:42","date_gmt":"2021-05-29T21:02:42","guid":{"rendered":"https:\/\/sn.ambaguinee.org\/?p=8980"},"modified":"2021-05-29T23:02:42","modified_gmt":"2021-05-29T21:02:42","slug":"mandiana-bras-de-fer-entre-la-smm-et-les-communautes-impactees-par-la-societe-a-loila","status":"publish","type":"post","link":"https:\/\/sn.ambaguinee.org\/?p=8980","title":{"rendered":"Mandiana : bras de fer entre la SMM et les communaut\u00e9s impact\u00e9es par la soci\u00e9t\u00e9, \u00e0 Lo\u00efla"},"content":{"rendered":"<div>\n<p>C\u2019est un soul\u00e8vement populaire des localit\u00e9s impact\u00e9es par la soci\u00e9t\u00e9 mini\u00e8re de Mandiana. Des routes barricad\u00e9es, des pneus br\u00fbl\u00e9s, telle est l\u2019image que pr\u00e9sentait les localit\u00e9s impact\u00e9es par l\u2019exploitation de la soci\u00e9t\u00e9 mini\u00e8re de Mandiana.<\/p>\n<figure class=\"wp-block-image size-large\"><img loading=\"lazy\" width=\"1000\" height=\"450\"src=\"https:\/\/sn.ambaguinee.org\/wp-content\/uploads\/2021\/05\/IMG-20210524-WA0017.jpg\" alt=\"\" class=\"wp-image-155430\" srcset=\"https:\/\/sn.ambaguinee.org\/wp-content\/uploads\/2021\/05\/IMG-20210524-WA0017.jpg 1000w, https:\/\/mediaguinee.org\/wp-content\/uploads\/2021\/05\/IMG-20210524-WA0017-300x135.jpg 300w, https:\/\/mediaguinee.org\/wp-content\/uploads\/2021\/05\/IMG-20210524-WA0017-768x346.jpg 768w\" sizes=\"(max-width: 1000px) 100vw, 1000px\"><\/figure>\n<p> Inform\u00e9 de la situation, le gouverneur de la r\u00e9gion administrative de Kankan, en compagnie des autres autorit\u00e9s pr\u00e9fectorales de Mandiana, s\u2019est vite rendu sur les lieux pour s\u2019enqu\u00e9rir des r\u00e9alit\u00e9s. <\/p>\n<p>Cette d\u00e9l\u00e9gation a d\u2019abord commenc\u00e9 la visite par la sous-pr\u00e9fecture de Kondiaran, ensuite Lo\u00efla qui abrite la soci\u00e9t\u00e9. L\u00e0, les populations ont d\u00e9taill\u00e9 les motifs de leur mouvement. <\/p>\n<p>\u00ab\u00a0Nous les communaut\u00e9s impact\u00e9es, aujourd\u2019hui, nous sommes inquiets de notre vie parce qu\u2019on n\u2019a pas de route, ni d\u2019eau mais aussi la situation de nos enfants. Donc, on n\u2019acceptera pas cela. Comme le gouverneur est venu, nous le regardons sinon on a trop souffert\u00a0\u00bb, a expliqu\u00e9 le porte-parole des communaut\u00e9s impact\u00e9es.<\/p>\n<p>Poursuivant, le gouverneur Sa\u00efdou Ke\u00efta, \u00e0 son tour, a promis la r\u00e9solution d\u00e9finitive de ce conflit entre la communaut\u00e9 et la soci\u00e9t\u00e9. \u00ab\u00a0Votre revendication est objective mais c\u2019est la forme. Il ne faut pas barrer une route sinon vous aurez tort. Nous allons revenir vers la soci\u00e9t\u00e9, qu\u2019elle accepte les points de revendication. La gr\u00e8ve est normale parce que c\u2019est montrer votre m\u00e9contentement mais il faut une profonde r\u00e9flexion. Il faudrait que la soci\u00e9t\u00e9 accepte et elle acceptera. Donc je vous prie de garder votre sang-froid. Cette soci\u00e9t\u00e9 mini\u00e8re de Mandiana est \u00e0 prot\u00e9ger car elle nous appartient \u00e0 nous tous\u00a0\u00bb<\/p>\n<p>Apr\u00e8s avoir rencontr\u00e9 les citoyens de Kondiaran et Lo\u00efla, il s\u2019est rendu \u00e0 la cit\u00e9 de la soci\u00e9t\u00e9 en vue de trouver un terrain d\u2019entente . \u00ab\u00a0Je suis venu rencontrer la soci\u00e9t\u00e9 pour leur expliquer de quoi il s\u2019agit. Donc je suis certain que le pari sera atteint sans probl\u00e8me. J\u2019ai un grand espoir d\u2019ailleurs, je f\u00e9licite les jeunes dans leurs propos. Ils disent que les activit\u00e9s de la soci\u00e9t\u00e9 ne seront jamais arr\u00eat\u00e9es mais voil\u00e0 un esprit de civisme\u00a0\u00bb, a-t-il ajout\u00e9.<\/p>\n<p>Le gouverneur de la r\u00e9gion administrative de Kankan, Sa\u00efdou Keita, a salu\u00e9 la forme de la gr\u00e8ve des jeunes de ces localit\u00e9s qu\u2019il qualifie de \u201cgr\u00e8ve civilis\u00e9e\u201d. \u00ab\u00a0Cette gr\u00e8ve, elle est civilis\u00e9e tout simplement. Il n\u2019y a pas eu de casse, voire des bless\u00e9s, ou attaque contre les biens mat\u00e9riels de la soci\u00e9t\u00e9. Donc chapeau \u00e0 ces jeunes manifestants\u00a0\u00bb, s\u2019est-il exprim\u00e9.<\/p>\n<p>Vu les conditions dans lesquelles vivent les citoyens de ces localit\u00e9s, l\u2019\u00c9tat guin\u00e9en devrait vite trouver la solution afin de les soulager.<\/p>\n<p><strong>Moussa Koutoubou Cond\u00e9, correspondant \u00e0 Siguiri<\/strong><\/p>\n<p><strong>+224622478601<\/strong><\/p>\n<p>L\u2019article <a rel=\"nofollow\" href=\"https:\/\/mediaguinee.org\/mandiana-bras-de-fer-entre-la-smm-et-les-communautes-impactees-par-la-societe-a-loila\/\">Mandiana : bras de fer entre la SMM et les communaut\u00e9s impact\u00e9es par la soci\u00e9t\u00e9, \u00e0 Lo\u00efla<\/a> est apparu en premier sur <a rel=\"nofollow\" href=\"https:\/\/mediaguinee.org\/\">Mediaguinee.org<\/a>.<\/p>\n<\/div>\n","protected":false},"excerpt":{"rendered":"<p>C\u2019est un soul\u00e8vement populaire des localit\u00e9s impact\u00e9es par la soci\u00e9t\u00e9 mini\u00e8re de Mandiana. Des routes barricad\u00e9es, des pneus br\u00fbl\u00e9s, telle est l\u2019image que pr\u00e9sentait les localit\u00e9s impact\u00e9es par l\u2019exploitation de la soci\u00e9t\u00e9 mini\u00e8re de Mandiana. Inform\u00e9 de la situation, le gouverneur de la r\u00e9gion administrative de Kankan, en compagnie des autres autorit\u00e9s pr\u00e9fectorales de Mandiana, &hellip;<\/p>\n","protected":false},"author":1,"featured_media":0,"comment_status":"closed","ping_status":"closed","sticky":false,"template":"","format":"standard","meta":{"footnotes":""},"categories":[2],"tags":[23],"_links":{"self":[{"href":"https:\/\/sn.ambaguinee.org\/index.php?rest_route=\/wp\/v2\/posts\/8980"}],"collection":[{"href":"https:\/\/sn.ambaguinee.org\/index.php?rest_route=\/wp\/v2\/posts"}],"about":[{"href":"https:\/\/sn.ambaguinee.org\/index.php?rest_route=\/wp\/v2\/types\/post"}],"author":[{"embeddable":true,"href":"https:\/\/sn.ambaguinee.org\/index.php?rest_route=\/wp\/v2\/users\/1"}],"replies":[{"embeddable":true,"href":"https:\/\/sn.ambaguinee.org\/index.php?rest_route=%2Fwp%2Fv2%2Fcomments&post=8980"}],"version-history":[{"count":0,"href":"https:\/\/sn.ambaguinee.org\/index.php?rest_route=\/wp\/v2\/posts\/8980\/revisions"}],"wp:attachment":[{"href":"https:\/\/sn.ambaguinee.org\/index.php?rest_route=%2Fwp%2Fv2%2Fmedia&parent=8980"}],"wp:term":[{"taxonomy":"category","embeddable":true,"href":"https:\/\/sn.ambaguinee.org\/index.php?rest_route=%2Fwp%2Fv2%2Fcategories&post=8980"},{"taxonomy":"post_tag","embeddable":true,"href":"https:\/\/sn.ambaguinee.org\/index.php?rest_route=%2Fwp%2Fv2%2Ftags&post=8980"}],"curies":[{"name":"wp","href":"https:\/\/api.w.org\/{rel}","templated":true}]}}