{"id":89975,"date":"2025-12-26T23:12:44","date_gmt":"2025-12-26T22:12:44","guid":{"rendered":"https:\/\/sn.ambaguinee.org\/?p=89975"},"modified":"2025-12-26T23:12:44","modified_gmt":"2025-12-26T22:12:44","slug":"la-guinee-engage-une-nouvelle-ere-numerique-pour-son-enseignement-superieur","status":"publish","type":"post","link":"https:\/\/sn.ambaguinee.org\/?p=89975","title":{"rendered":"La Guin\u00e9e engage une nouvelle \u00e8re num\u00e9rique pour son enseignement sup\u00e9rieur"},"content":{"rendered":"<div>\n<div style=\"margin-bottom:20px;\"><img width=\"2560\" height=\"1512\"src=\"https:\/\/i0.wp.com\/www.guinee7.com\/wp-content\/uploads\/2025\/12\/IMG-20251226-WA0018.jpg?w=2560&amp;ssl=1\" class=\"attachment-post-thumbnail size-post-thumbnail wp-post-image\" alt=\"\" decoding=\"async\" loading=\"lazy\" srcset=\"https:\/\/i0.wp.com\/www.guinee7.com\/wp-content\/uploads\/2025\/12\/IMG-20251226-WA0018.jpg?w=2560&amp;ssl=1 2560w, https:\/\/i0.wp.com\/www.guinee7.com\/wp-content\/uploads\/2025\/12\/IMG-20251226-WA0018.jpg?resize=300%2C177&amp;ssl=1 300w, https:\/\/i0.wp.com\/www.guinee7.com\/wp-content\/uploads\/2025\/12\/IMG-20251226-WA0018.jpg?resize=1024%2C605&amp;ssl=1 1024w, https:\/\/i0.wp.com\/www.guinee7.com\/wp-content\/uploads\/2025\/12\/IMG-20251226-WA0018.jpg?resize=768%2C454&amp;ssl=1 768w, https:\/\/i0.wp.com\/www.guinee7.com\/wp-content\/uploads\/2025\/12\/IMG-20251226-WA0018.jpg?resize=1536%2C907&amp;ssl=1 1536w, https:\/\/i0.wp.com\/www.guinee7.com\/wp-content\/uploads\/2025\/12\/IMG-20251226-WA0018.jpg?resize=2048%2C1210&amp;ssl=1 2048w, https:\/\/i0.wp.com\/www.guinee7.com\/wp-content\/uploads\/2025\/12\/IMG-20251226-WA0018.jpg?resize=357%2C210&amp;ssl=1 357w, https:\/\/i0.wp.com\/www.guinee7.com\/wp-content\/uploads\/2025\/12\/IMG-20251226-WA0018.jpg?w=2340&amp;ssl=1 2340w\" sizes=\"auto, (max-width: 2560px) 100vw, 2560px\"><\/div>\n<p><span style=\"font-size: 18px;\">La Guin\u00e9e a franchi un tournant majeur dans la transformation num\u00e9rique de son syst\u00e8me d\u2019enseignement sup\u00e9rieur. Ce vendredi 26 d\u00e9cembre 2025, la ministre des Postes, des T\u00e9l\u00e9communications et de l\u2019\u00c9conomie num\u00e9rique, Rose Pola Pricemou, en pr\u00e9sence de la ministre du Commerce, a lanc\u00e9 officiellement le projet national de connexion et d\u2019interconnexion des universit\u00e9s et instituts d\u2019enseignement sup\u00e9rieur.<\/span><\/p>\n<p><span style=\"font-size: 18px;\">Mis en \u0153uvre par le minist\u00e8re des T\u00e9l\u00e9communications \u00e0 travers l\u2019Agence Nationale du Service Universel des T\u00e9l\u00e9communications et du Num\u00e9rique (ANSUTEN), ce programme structurant concerne 17 \u00e9tablissements universitaires et instituts \u00e0 travers le pays. Son objectif est de doter ces institutions d\u2019une infrastructure num\u00e9rique performante, capable de soutenir l\u2019enseignement, la recherche et l\u2019innovation.<\/span><\/p>\n<p><span style=\"font-size: 18px;\">Lors de la c\u00e9r\u00e9monie, le directeur g\u00e9n\u00e9ral de l\u2019ANSUTEN, Gaoussou Sougoul\u00e9, a pr\u00e9sent\u00e9 ce projet comme le fruit d\u2019une vision strat\u00e9gique placant le savoir et l\u2019innovation au c\u0153ur du d\u00e9veloppement national. Il a affirm\u00e9 : \u00ab l\u2019ensemble des acteurs est fier de mener \u00e0 bien la r\u00e9alisation de cette infrastructure num\u00e9rique qui fa\u00e7onnera l\u2019\u00e9tudiant et le chercheur de demain. Nous parlons ici de l\u2019installation d\u2019une bande passante \u00e0 tr\u00e8s haut d\u00e9bit, d\u2019une connexion robuste et r\u00e9siliente, garantissant une exp\u00e9rience utilisateur fluide. C\u2019est l\u2019\u00e9pine dorsale num\u00e9rique de la connaissance que nous sommes en train de b\u00e2tir. Aujourd\u2019hui, cette vision prend une forme tr\u00e8s concr\u00e8te sur le terrain. Permettez-moi de vous pr\u00e9senter des avanc\u00e9es spectaculaires que nous c\u00e9l\u00e9brons \u00e0 ce jour. \u00bb<\/span><\/p>\n<p><span style=\"font-size: 18px;\">Il a ajout\u00e9 que 13 universit\u00e9s et instituts sont d\u00e9j\u00e0 raccord\u00e9s au r\u00e9seau national de fibre optique, notamment au Backbone national et au r\u00e9seau m\u00e9tropolitain de Conakry, tandis que quatre autres \u00e9tablissements sont en cours de connexion.<\/span><\/p>\n<p><span style=\"font-size: 18px;\">Partenaire technique charg\u00e9 de l\u2019ex\u00e9cution des travaux, la soci\u00e9t\u00e9 SkyConnect, repr\u00e9sent\u00e9e par son directeur g\u00e9n\u00e9ral Aboubacar Cond\u00e9, a exprim\u00e9 sa reconnaissance au minist\u00e8re pour la confiance accord\u00e9e. Il a affirm\u00e9 qu\u2019en d\u00e9pit des contraintes rencontr\u00e9es, \u00ab nous transformons aujourd\u2019hui l\u2019ambition en r\u00e9alit\u00e9 \u00bb, avant d\u2019ajouter : \u00ab \u00e0 ce jour, les indicateurs de performance sont excellents. Je suis fier de vous annoncer des taux d\u2019ex\u00e9cution qui t\u00e9moignent de notre avanc\u00e9e majeure\u2026 Nous maintenons le cap pour une livraison int\u00e9grale de tous les sites restants au second trimestre 2026. \u00bb<\/span><\/p>\n<p><span style=\"font-size: 18px;\">S\u2019exprimant au nom du Conseil d\u2019administration de l\u2019ANSUTEN, Idrissa Kaba a soulign\u00e9 que ce projet s\u2019inscrit pleinement dans la vision strat\u00e9gique des plus hautes autorit\u00e9s de la R\u00e9publique, sous le leadership du Pr\u00e9sident Mamadi Doumbouya, pour qui le num\u00e9rique constitue un levier essentiel du d\u00e9veloppement \u00e9conomique, social et humain, ainsi qu\u2019un outil central de modernisation de l\u2019\u00c9tat et de valorisation du capital humain. Il a assur\u00e9 que \u00ab le conseil d\u2019administration s\u2019engage fermement \u00e0 accompagner ce projet par un pilotage strat\u00e9gique rigoureux, une gouvernance transparente et une exigence \u00e9lev\u00e9e en mati\u00e8re de r\u00e9sultats et de performances \u00bb.<\/span><\/p>\n<p><img data-recalc-dims=\"1\" loading=\"lazy\" decoding=\"async\" class=\"alignnone wp-image-124999 size-full\"src=\"https:\/\/i0.wp.com\/www.guinee7.com\/wp-content\/uploads\/2025\/12\/IMG-20251226-WA0020.jpg?w=2560&amp;ssl=1\" alt=\"\" width=\"1170\" height=\"719\" srcset=\"https:\/\/i0.wp.com\/www.guinee7.com\/wp-content\/uploads\/2025\/12\/IMG-20251226-WA0020.jpg?w=2560&amp;ssl=1 2560w, https:\/\/i0.wp.com\/www.guinee7.com\/wp-content\/uploads\/2025\/12\/IMG-20251226-WA0020.jpg?resize=300%2C184&amp;ssl=1 300w, https:\/\/i0.wp.com\/www.guinee7.com\/wp-content\/uploads\/2025\/12\/IMG-20251226-WA0020.jpg?resize=1024%2C630&amp;ssl=1 1024w, https:\/\/i0.wp.com\/www.guinee7.com\/wp-content\/uploads\/2025\/12\/IMG-20251226-WA0020.jpg?resize=768%2C472&amp;ssl=1 768w, https:\/\/i0.wp.com\/www.guinee7.com\/wp-content\/uploads\/2025\/12\/IMG-20251226-WA0020.jpg?resize=1536%2C944&amp;ssl=1 1536w, https:\/\/i0.wp.com\/www.guinee7.com\/wp-content\/uploads\/2025\/12\/IMG-20251226-WA0020.jpg?resize=2048%2C1259&amp;ssl=1 2048w, https:\/\/i0.wp.com\/www.guinee7.com\/wp-content\/uploads\/2025\/12\/IMG-20251226-WA0020.jpg?w=2340&amp;ssl=1 2340w\" sizes=\"auto, (max-width: 1170px) 100vw, 1170px\"><\/p>\n<p><span style=\"font-size: 18px;\">Cl\u00f4turant la c\u00e9r\u00e9monie, la ministre Rose Pola Pricemou a r\u00e9affirm\u00e9 l\u2019engagement de son d\u00e9partement \u00e0 faire du num\u00e9rique un moteur de formation, d\u2019\u00e9galit\u00e9 des chances et de d\u00e9veloppement durable. <\/span><\/p>\n<p><span style=\"font-size: 18px;\">Elle a d\u00e9clar\u00e9 : \u00ab en connectant nos universit\u00e9s, nous connectons bien plus que des infrastructures. Nous connectons des esprits, des ambitions et le futur de la Guin\u00e9e. Je formule le v\u0153u que cette dynamique se poursuive, s\u2019amplifie et serve de r\u00e9f\u00e9rence pour d\u2019autres acteurs cl\u00e9s de notre pays. Je formule \u00e9galement le v\u0153u que tous les administrateurs de nos institutions b\u00e9n\u00e9ficiaires fassent preuve de responsabilit\u00e9 et d\u2019engagement afin que ce projet soit p\u00e9renne et serve \u00e0 tous les fils et filles de ce pays. \u00bb<\/span><\/p>\n<p><span style=\"font-size: 18px;\">La c\u00e9r\u00e9monie s\u2019est achev\u00e9e par un tirage au sort au cours duquel 15 ordinateurs et 10 tablettes ont \u00e9t\u00e9 remis \u00e0 des \u00e9tudiants, marquant symboliquement l\u2019engagement des autorit\u00e9s en faveur de l\u2019inclusion num\u00e9rique.<\/span><\/p>\n<p><strong><span style=\"font-size: 18px;\">Abdoul Lory Sylla pour guinee7.com<\/span><\/strong><!--\/data\/user\/0\/com.samsung.android.app.notes\/files\/clipdata\/clipdata_bodytext_251226_182051_204.sdocx--><\/p>\n<p>L\u2019article <a href=\"https:\/\/www.guinee7.com\/2025\/12\/26\/la-guinee-engage-une-nouvelle-ere-numerique-pour-son-enseignement-superieur\/\">La Guin\u00e9e engage une nouvelle \u00e8re num\u00e9rique pour son enseignement sup\u00e9rieur<\/a> est apparu en premier sur <a href=\"https:\/\/www.guinee7.com\/\">Guinee7.com<\/a>.<\/p>\n<\/div>\n","protected":false},"excerpt":{"rendered":"<p>La Guin\u00e9e a franchi un tournant majeur dans la transformation num\u00e9rique de son syst\u00e8me d\u2019enseignement sup\u00e9rieur. Ce vendredi 26 d\u00e9cembre 2025, la ministre des Postes, des T\u00e9l\u00e9communications et de l\u2019\u00c9conomie num\u00e9rique, Rose Pola Pricemou, en pr\u00e9sence de la ministre du Commerce, a lanc\u00e9 officiellement le projet national de connexion et d\u2019interconnexion des universit\u00e9s et instituts &hellip;<\/p>\n","protected":false},"author":1,"featured_media":0,"comment_status":"closed","ping_status":"closed","sticky":false,"template":"","format":"standard","meta":{"footnotes":""},"categories":[2],"tags":[22],"_links":{"self":[{"href":"https:\/\/sn.ambaguinee.org\/index.php?rest_route=\/wp\/v2\/posts\/89975"}],"collection":[{"href":"https:\/\/sn.ambaguinee.org\/index.php?rest_route=\/wp\/v2\/posts"}],"about":[{"href":"https:\/\/sn.ambaguinee.org\/index.php?rest_route=\/wp\/v2\/types\/post"}],"author":[{"embeddable":true,"href":"https:\/\/sn.ambaguinee.org\/index.php?rest_route=\/wp\/v2\/users\/1"}],"replies":[{"embeddable":true,"href":"https:\/\/sn.ambaguinee.org\/index.php?rest_route=%2Fwp%2Fv2%2Fcomments&post=89975"}],"version-history":[{"count":0,"href":"https:\/\/sn.ambaguinee.org\/index.php?rest_route=\/wp\/v2\/posts\/89975\/revisions"}],"wp:attachment":[{"href":"https:\/\/sn.ambaguinee.org\/index.php?rest_route=%2Fwp%2Fv2%2Fmedia&parent=89975"}],"wp:term":[{"taxonomy":"category","embeddable":true,"href":"https:\/\/sn.ambaguinee.org\/index.php?rest_route=%2Fwp%2Fv2%2Fcategories&post=89975"},{"taxonomy":"post_tag","embeddable":true,"href":"https:\/\/sn.ambaguinee.org\/index.php?rest_route=%2Fwp%2Fv2%2Ftags&post=89975"}],"curies":[{"name":"wp","href":"https:\/\/api.w.org\/{rel}","templated":true}]}}