{"id":90248,"date":"2025-12-31T23:49:14","date_gmt":"2025-12-31T22:49:14","guid":{"rendered":"https:\/\/sn.ambaguinee.org\/?p=90248"},"modified":"2025-12-31T23:49:14","modified_gmt":"2025-12-31T22:49:14","slug":"interview-alpha-oumar-taran-diallo-la-victoire-eclatante-du-president-mamadi-doumbouya-consacre-un-projet-une-vision","status":"publish","type":"post","link":"https:\/\/sn.ambaguinee.org\/?p=90248","title":{"rendered":"Interview. Alpha Oumar Taran Diallo : \u201cla victoire \u00e9clatante du pr\u00e9sident Mamadi Doumbouya consacre un projet, une vision\u2026\u201d"},"content":{"rendered":"<div>\n<div style=\"margin-bottom:20px;\"><img width=\"1067\" height=\"941\"src=\"https:\/\/i0.wp.com\/mediaguinee.com\/wp-content\/uploads\/2025\/12\/f716244a-92bb-47e7-a1f4-141a8f5e335f.jpeg?w=1067&amp;ssl=1\" class=\"attachment-post-thumbnail size-post-thumbnail wp-post-image\" alt=\"\" decoding=\"async\" srcset=\"https:\/\/i0.wp.com\/mediaguinee.com\/wp-content\/uploads\/2025\/12\/f716244a-92bb-47e7-a1f4-141a8f5e335f.jpeg?w=1067&amp;ssl=1 1067w, https:\/\/i0.wp.com\/mediaguinee.com\/wp-content\/uploads\/2025\/12\/f716244a-92bb-47e7-a1f4-141a8f5e335f.jpeg?resize=300%2C265&amp;ssl=1 300w, https:\/\/i0.wp.com\/mediaguinee.com\/wp-content\/uploads\/2025\/12\/f716244a-92bb-47e7-a1f4-141a8f5e335f.jpeg?resize=1024%2C903&amp;ssl=1 1024w, https:\/\/i0.wp.com\/mediaguinee.com\/wp-content\/uploads\/2025\/12\/f716244a-92bb-47e7-a1f4-141a8f5e335f.jpeg?resize=768%2C677&amp;ssl=1 768w\" sizes=\"(max-width: 1067px) 100vw, 1067px\" data-attachment-id=\"305833\" data-permalink=\"https:\/\/mediaguinee.com\/2025\/12\/interview-alpha-oumar-taran-diallo-la-victoire-eclatante-du-president-mamadi-doumbouya-consacre-un-projet-une-vision\/f716244a-92bb-47e7-a1f4-141a8f5e335f\/\" data-orig-file=\"https:\/\/i0.wp.com\/mediaguinee.com\/wp-content\/uploads\/2025\/12\/f716244a-92bb-47e7-a1f4-141a8f5e335f.jpeg?fit=1067%2C941&amp;ssl=1\" data-orig-size=\"1067,941\" data-comments-opened=\"1\" data-image-meta='{\"aperture\":\"0\",\"credit\":\"\",\"camera\":\"\",\"caption\":\"\",\"created_timestamp\":\"1767204943\",\"copyright\":\"\",\"focal_length\":\"0\",\"iso\":\"0\",\"shutter_speed\":\"0\",\"title\":\"\",\"orientation\":\"1\"}' data-image-title=\"f716244a-92bb-47e7-a1f4-141a8f5e335f\" data-image-description=\"\" data-image-caption=\"\" data-medium-file=\"https:\/\/i0.wp.com\/mediaguinee.com\/wp-content\/uploads\/2025\/12\/f716244a-92bb-47e7-a1f4-141a8f5e335f.jpeg?fit=300%2C265&amp;ssl=1\" data-large-file=\"https:\/\/i0.wp.com\/mediaguinee.com\/wp-content\/uploads\/2025\/12\/f716244a-92bb-47e7-a1f4-141a8f5e335f.jpeg?fit=1024%2C903&amp;ssl=1\"><\/div>\n<p class=\"s3\">Au lendemain de la proclamation des r\u00e9sultats d\u00e9finitifs de l\u2019\u00e9lection pr\u00e9sidentielle du 28 d\u00e9cembre, marqu\u00e9e par la victoire \u00e9crasante du candidat sortant Mamadi Doumbouya d\u00e8s le premier tour avec 86,72 % des suffrages, Alpha Oumar Taran Diallo, actuel pr\u00e9sident de la coalition LGI (La Guin\u00e9e Inclusive) et leader du parti ADR (alliance d\u00e9mocratique pour le renouveau), r\u00e9agit au micro de M\u00e9diaguinee. Artisan de la mobilisation d\u2019une vingtaine de partis et mouvements politiques, il revient sur les ressorts de ce succ\u00e8s, salue le r\u00f4le central du Premier ministre et directeur de campagne, et f\u00e9licite le pr\u00e9sident \u00e9lu.<\/p>\n<p><img data-recalc-dims=\"1\" decoding=\"async\" data-attachment-id=\"305835\" data-permalink=\"https:\/\/mediaguinee.com\/2025\/12\/interview-alpha-oumar-taran-diallo-la-victoire-eclatante-du-president-mamadi-doumbouya-consacre-un-projet-une-vision\/0851837a-59bf-4189-941e-55e86a68b3cb\/\" data-orig-file=\"https:\/\/i0.wp.com\/mediaguinee.com\/wp-content\/uploads\/2025\/12\/0851837a-59bf-4189-941e-55e86a68b3cb.jpeg?fit=1080%2C1007&amp;ssl=1\" data-orig-size=\"1080,1007\" data-comments-opened=\"1\" data-image-meta='{\"aperture\":\"0\",\"credit\":\"\",\"camera\":\"\",\"caption\":\"\",\"created_timestamp\":\"1767205036\",\"copyright\":\"\",\"focal_length\":\"0\",\"iso\":\"0\",\"shutter_speed\":\"0\",\"title\":\"\",\"orientation\":\"0\"}' data-image-title=\"0851837a-59bf-4189-941e-55e86a68b3cb\" data-image-description=\"\" data-image-caption=\"\" data-medium-file=\"https:\/\/i0.wp.com\/mediaguinee.com\/wp-content\/uploads\/2025\/12\/0851837a-59bf-4189-941e-55e86a68b3cb.jpeg?fit=300%2C280&amp;ssl=1\" data-large-file=\"https:\/\/i0.wp.com\/mediaguinee.com\/wp-content\/uploads\/2025\/12\/0851837a-59bf-4189-941e-55e86a68b3cb.jpeg?fit=1024%2C955&amp;ssl=1\" class=\"alignnone wp-image-305835 size-full\"src=\"https:\/\/i0.wp.com\/mediaguinee.com\/wp-content\/uploads\/2025\/12\/0851837a-59bf-4189-941e-55e86a68b3cb.jpeg?w=1080&amp;ssl=1\" alt=\"\" width=\"1080\" height=\"1007\" srcset=\"https:\/\/i0.wp.com\/mediaguinee.com\/wp-content\/uploads\/2025\/12\/0851837a-59bf-4189-941e-55e86a68b3cb.jpeg?w=1080&amp;ssl=1 1080w, https:\/\/i0.wp.com\/mediaguinee.com\/wp-content\/uploads\/2025\/12\/0851837a-59bf-4189-941e-55e86a68b3cb.jpeg?resize=300%2C280&amp;ssl=1 300w, https:\/\/i0.wp.com\/mediaguinee.com\/wp-content\/uploads\/2025\/12\/0851837a-59bf-4189-941e-55e86a68b3cb.jpeg?resize=1024%2C955&amp;ssl=1 1024w, https:\/\/i0.wp.com\/mediaguinee.com\/wp-content\/uploads\/2025\/12\/0851837a-59bf-4189-941e-55e86a68b3cb.jpeg?resize=768%2C716&amp;ssl=1 768w\" sizes=\"(max-width: 1080px) 100vw, 1080px\"><\/p>\n<p class=\"s4\"><strong>MediaGuinee: Monsieur Alpha Oumar Taran Diallo, la Guin\u00e9e vient de vivre une \u00e9lection pr\u00e9sidentielle marqu\u00e9e par la victoire du candidat sortant Mamadi Doumbouya d\u00e8s le premier tour avec 86,72 %. Quelle est votre premi\u00e8re r\u00e9action ?<\/strong><\/p>\n<p class=\"s4\"><strong>Alpha Oumar Taran Diallo:<\/strong> Ma r\u00e9action est avant tout celle d\u2019un homme profond\u00e9ment reconnaissant. Cette victoire \u00e9clatante du Pr\u00e9sident Mamadi Doumbouya, acquise d\u00e8s le premier tour avec 86,72 % des suffrages, est l\u2019expression claire de la volont\u00e9 souveraine du peuple guin\u00e9en. Elle consacre un projet, une vision et surtout un long processus de mobilisation politique et citoyenne. Notre parti ADR et la coalition LGI que j\u2019ai l\u2019honneur de pr\u00e9sider actuellement, se f\u00e9licitent pleinement de ce r\u00e9sultat qui confirme que les Guin\u00e9ens ont fait le choix de la stabilit\u00e9, de la continuit\u00e9 et de l\u2019inclusion.<\/p>\n<p class=\"s4\"><strong>MediaGuinee: Justement, dans quelle dynamique cette \u00e9lection?<\/strong><\/p>\n<p class=\"s4\"><strong>Alpha Oumar Taran Diallo:<\/strong> Cette \u00e9lection n\u2019est pas un fait isol\u00e9. Elle est la suite logique du travail abattu en amont, notamment lors du r\u00e9f\u00e9rendum, qui a constitu\u00e9 une \u00e9tape d\u00e9cisive dans la clarification du projet de soci\u00e9t\u00e9 port\u00e9 par les autorit\u00e9s actuelles. A cette occasion d\u00e9j\u00e0, nous avions constat\u00e9 une forte adh\u00e9sion populaire \u00e0 la vision Simandou 2040, du pr\u00e9sident de la R\u00e9publique. La pr\u00e9sidentielle du 28 d\u00e9cembre n\u2019a fait que confirmer cette tendance. Cela prouve que lorsque le travail est bien pr\u00e9par\u00e9, bien expliqu\u00e9 et port\u00e9 par une vision claire, le peuple r\u00e9pond pr\u00e9sent.<\/p>\n<p class=\"s4\"><strong>MediaGuinee: Quel r\u00f4le particulier peut-on retenir dans cette victoire ?<\/strong><\/p>\n<p class=\"s4\"><strong>Alpha Oumar Taran Diallo:<\/strong> Evidement c\u2019est tout d\u2019abord celui du pr\u00e9sident Mamadi Doumbouya qu\u2019il faut saluer et f\u00e9liciter pour sa vision et son leadership. Ensuite, le travail du directeur de campagne et toute son \u00e9quipe pour avoir imagin\u00e9 le sch\u00e9ma qui a permis aux partis politiques, aux sages de toutes lesnotabilit\u00e9s, aux femmes et aux jeunes d\u2019y adh\u00e9rer. Ils ont contribu\u00e9 \u00e0 apaiser les esprits, \u00e0 appeler \u00e0 la responsabilit\u00e9 et \u00e0 rappeler l\u2019importance de la coh\u00e9sion nationale. \u00a0C\u2019est ainsi queles femmes, les jeunes, les leaders religieux, les cadres, les militants politiques et les citoyens ordinaires ont tous apport\u00e9 leur pierre \u00e0 l\u2019\u00e9difice collectif. C\u2019est pourquoi cette victoire appartient \u00e0 toutes les composantes de la nation guin\u00e9enne, sans distinction.<\/p>\n<p class=\"s4\"><strong>MediaGuinee: La coalition LGI a regroup\u00e9 une vingtaine de partis et mouvements politiques. Comment jugez-vous cette exp\u00e9rience ?<\/strong><\/p>\n<p class=\"s4\"><strong>Alpha Oumar Taran Diallo:<\/strong> C\u2019est une exp\u00e9rience extr\u00eamement positive. La coalition LGI a d\u00e9montr\u00e9 que l\u2019unit\u00e9 politique est possible lorsque l\u2019int\u00e9r\u00eat sup\u00e9rieur de la nation prime. Je tiens \u00e0 saluer l\u2019engagement de tous les partis membres, ainsi que celui des mouvements politiques qui ont travaill\u00e9 sans rel\u00e2che sur le terrain. Une mention sp\u00e9ciale revient \u00e0 l\u2019UDRG, le parti du Premier ministre, qui a jou\u00e9 un r\u00f4le moteur, v\u00e9ritable locomotive de la coalition. Je f\u00e9licite \u00e9galement le Premier ministre, en sa qualit\u00e9 de directeur de campagne, pour sa rigueur, son sens de l\u2019\u00e9coute et sa capacit\u00e9 \u00e0 f\u00e9d\u00e9rer.<\/p>\n<p><img data-recalc-dims=\"1\" decoding=\"async\" data-attachment-id=\"305836\" data-permalink=\"https:\/\/mediaguinee.com\/2025\/12\/interview-alpha-oumar-taran-diallo-la-victoire-eclatante-du-president-mamadi-doumbouya-consacre-un-projet-une-vision\/105f7ead-cde8-4ba8-b93a-096568931f1a\/\" data-orig-file=\"https:\/\/i0.wp.com\/mediaguinee.com\/wp-content\/uploads\/2025\/12\/105f7ead-cde8-4ba8-b93a-096568931f1a.jpeg?fit=1080%2C810&amp;ssl=1\" data-orig-size=\"1080,810\" data-comments-opened=\"1\" data-image-meta='{\"aperture\":\"0\",\"credit\":\"\",\"camera\":\"\",\"caption\":\"\",\"created_timestamp\":\"1767205065\",\"copyright\":\"\",\"focal_length\":\"0\",\"iso\":\"0\",\"shutter_speed\":\"0\",\"title\":\"\",\"orientation\":\"0\"}' data-image-title=\"105f7ead-cde8-4ba8-b93a-096568931f1a\" data-image-description=\"\" data-image-caption=\"\" data-medium-file=\"https:\/\/i0.wp.com\/mediaguinee.com\/wp-content\/uploads\/2025\/12\/105f7ead-cde8-4ba8-b93a-096568931f1a.jpeg?fit=300%2C225&amp;ssl=1\" data-large-file=\"https:\/\/i0.wp.com\/mediaguinee.com\/wp-content\/uploads\/2025\/12\/105f7ead-cde8-4ba8-b93a-096568931f1a.jpeg?fit=1024%2C768&amp;ssl=1\" class=\"alignnone wp-image-305836 size-full\"src=\"https:\/\/i0.wp.com\/mediaguinee.com\/wp-content\/uploads\/2025\/12\/105f7ead-cde8-4ba8-b93a-096568931f1a.jpeg?w=1080&amp;ssl=1\" alt=\"\" width=\"1080\" height=\"810\" srcset=\"https:\/\/i0.wp.com\/mediaguinee.com\/wp-content\/uploads\/2025\/12\/105f7ead-cde8-4ba8-b93a-096568931f1a.jpeg?w=1080&amp;ssl=1 1080w, https:\/\/i0.wp.com\/mediaguinee.com\/wp-content\/uploads\/2025\/12\/105f7ead-cde8-4ba8-b93a-096568931f1a.jpeg?resize=300%2C225&amp;ssl=1 300w, https:\/\/i0.wp.com\/mediaguinee.com\/wp-content\/uploads\/2025\/12\/105f7ead-cde8-4ba8-b93a-096568931f1a.jpeg?resize=1024%2C768&amp;ssl=1 1024w, https:\/\/i0.wp.com\/mediaguinee.com\/wp-content\/uploads\/2025\/12\/105f7ead-cde8-4ba8-b93a-096568931f1a.jpeg?resize=768%2C576&amp;ssl=1 768w, https:\/\/i0.wp.com\/mediaguinee.com\/wp-content\/uploads\/2025\/12\/105f7ead-cde8-4ba8-b93a-096568931f1a.jpeg?resize=86%2C64&amp;ssl=1 86w\" sizes=\"(max-width: 1080px) 100vw, 1080px\"><\/p>\n<p class=\"s4\"><strong>MediaGuinee: Quelles sont les circonscriptions o\u00f9 LGI s\u2019est particuli\u00e8rement illustr\u00e9e\u2026<\/strong><\/p>\n<p class=\"s4\"><strong>Alpha Oumar Taran Diallo:<\/strong> On a fait un maillage pour couvrir tout le territoire. Mais les r\u00e9sultats enregistr\u00e9s dans certaine circonscriptions t\u00e9moignent de l\u2019efficacit\u00e9 de notre strat\u00e9gie de terrain. C\u2019est le cas de Lambanyi o\u00f9 le candidat de la GMD aobtenu 68,6 %, \u00e0 Matoto 73,53 %, \u00e0 Coyah 86,25 % et \u00e0 Kouria 78,68 % et \u00e0 Taran chez moi 76,46%. Ces scores sont le fruit d\u2019un travail de proximit\u00e9, d\u2019\u00e9coute des populations et de coordination entre les structures locales de l\u2019ADR et celles de la coalition LGI.<\/p>\n<p class=\"s4\"><strong>MediaGuinee: Vous avez souvent \u00e9voqu\u00e9 Taran, votre sous-pr\u00e9fecture d\u2019origine dans la pr\u00e9fecture de Lab\u00e9. Quel regard portez-vous sur la mobilisation dans cette localit\u00e9 ?<\/strong><\/p>\n<p class=\"s4\"><strong>Alpha Oumar Taran Diallo:<\/strong> Taran est pour moi une source de fiert\u00e9 et d\u2019inspiration. La mobilisation qu\u2019il a eu a Taran m\u2019a procur\u00e9 beaucoup de satisfaction. M\u00eame en d\u00e9\u00e7a du scores lors du r\u00e9ferendum, elle reste remarquable, et marqu\u00e9e par une forte maturit\u00e9 politique et un sens \u00e9lev\u00e9 de la responsabilit\u00e9 citoyenne. Les populations de Taran ont montr\u00e9 qu\u2019elles comprennent les enjeux nationaux et qu\u2019elles souhaitent contribuer activement \u00e0 la construction d\u2019une Guin\u00e9e unie et inclusive. Je leur exprime toute ma gratitude.<\/p>\n<p class=\"s4\"><strong>MediaGuinee: En tant que leader politique et secr\u00e9taire g\u00e9n\u00e9ral de l\u2019ISAV de Faranah, quel message avez-vous \u00e0 v\u00e9hiculer apr\u00e8s cette victoire ?<\/strong><\/p>\n<p class=\"s4\">Alpha Oumar Taran Diallo: J\u2019appelle tous les Guin\u00e9ens \u00e0 rester unis et engag\u00e9s derri\u00e8re notre pr\u00e9sident \u00e9lu, Mamadi Doumbouya. Je rappelle que la victoire \u00e9lectorale est une \u00e9tape importante, mais le plus grand d\u00e9fi reste la transformation de cette victoire en progr\u00e8s concret pour les populations. Et le pr\u00e9sident a besoin de l\u2019engagement de tous les guin\u00e9ens, dans le sens d\u2019un changement de logiciel mental, pour le dialogue, la paix sociale et le d\u00e9veloppement durable.<\/p>\n<p class=\"s4\"><strong>MediaGuinee: Un mot pour conclure?<\/strong><\/p>\n<p class=\"s4\"><strong>Alpha Oumar Taran Diallo:<\/strong> Je souhaite adresser mes v\u0153ux de nouvel an au Pr\u00e9sident \u00e9lu Mamadi Doumbouya, au Premier ministre, \u00e0 l\u2019ensemble du gouvernement, ainsi qu\u2019\u00e0 tous les Guin\u00e9ens et Guin\u00e9ennes d\u2019ici et de la diaspora. Je n\u2019oublie pas les militants de l\u2019ADR, ni les responsables et militants des autres partis et mouvements membres de la coalition LGI. Que la nouvelle ann\u00e9e soit plac\u00e9e sous le signe de la paix, la solidarit\u00e9, le travail et l\u2019esp\u00e9rance pour notre ch\u00e8re Guin\u00e9e.<\/p>\n<p class=\"s4\"><strong>Entretien r\u00e9alis\u00e9 par Mohamed Soumah<\/strong><\/p>\n<p>L\u2019article <a href=\"https:\/\/mediaguinee.com\/2025\/12\/interview-alpha-oumar-taran-diallo-la-victoire-eclatante-du-president-mamadi-doumbouya-consacre-un-projet-une-vision\/\">Interview. Alpha Oumar Taran Diallo : \u201cla victoire \u00e9clatante du pr\u00e9sident Mamadi Doumbouya consacre un projet, une vision\u2026\u201d<\/a> est apparu en premier sur <a href=\"https:\/\/mediaguinee.com\/\">Mediaguinee.com<\/a>.<\/p>\n<\/div>\n","protected":false},"excerpt":{"rendered":"<p>Au lendemain de la proclamation des r\u00e9sultats d\u00e9finitifs de l\u2019\u00e9lection pr\u00e9sidentielle du 28 d\u00e9cembre, marqu\u00e9e par la victoire \u00e9crasante du candidat sortant Mamadi Doumbouya d\u00e8s le premier tour avec 86,72 % des suffrages, Alpha Oumar Taran Diallo, actuel pr\u00e9sident de la coalition LGI (La Guin\u00e9e Inclusive) et leader du parti ADR (alliance d\u00e9mocratique pour le &hellip;<\/p>\n","protected":false},"author":1,"featured_media":0,"comment_status":"closed","ping_status":"closed","sticky":false,"template":"","format":"standard","meta":{"footnotes":""},"categories":[2],"tags":[23],"_links":{"self":[{"href":"https:\/\/sn.ambaguinee.org\/index.php?rest_route=\/wp\/v2\/posts\/90248"}],"collection":[{"href":"https:\/\/sn.ambaguinee.org\/index.php?rest_route=\/wp\/v2\/posts"}],"about":[{"href":"https:\/\/sn.ambaguinee.org\/index.php?rest_route=\/wp\/v2\/types\/post"}],"author":[{"embeddable":true,"href":"https:\/\/sn.ambaguinee.org\/index.php?rest_route=\/wp\/v2\/users\/1"}],"replies":[{"embeddable":true,"href":"https:\/\/sn.ambaguinee.org\/index.php?rest_route=%2Fwp%2Fv2%2Fcomments&post=90248"}],"version-history":[{"count":0,"href":"https:\/\/sn.ambaguinee.org\/index.php?rest_route=\/wp\/v2\/posts\/90248\/revisions"}],"wp:attachment":[{"href":"https:\/\/sn.ambaguinee.org\/index.php?rest_route=%2Fwp%2Fv2%2Fmedia&parent=90248"}],"wp:term":[{"taxonomy":"category","embeddable":true,"href":"https:\/\/sn.ambaguinee.org\/index.php?rest_route=%2Fwp%2Fv2%2Fcategories&post=90248"},{"taxonomy":"post_tag","embeddable":true,"href":"https:\/\/sn.ambaguinee.org\/index.php?rest_route=%2Fwp%2Fv2%2Ftags&post=90248"}],"curies":[{"name":"wp","href":"https:\/\/api.w.org\/{rel}","templated":true}]}}