{"id":90359,"date":"2026-01-03T02:32:50","date_gmt":"2026-01-03T01:32:50","guid":{"rendered":"https:\/\/sn.ambaguinee.org\/?p=90359"},"modified":"2026-01-03T02:32:50","modified_gmt":"2026-01-03T01:32:50","slug":"la-legende-congolaise-koffi-olomide-doumbouya-est-en-train-depater-toute-lafrique","status":"publish","type":"post","link":"https:\/\/sn.ambaguinee.org\/?p=90359","title":{"rendered":"La l\u00e9gende congolaise Koffi Olomid\u00e9 : \u00ab Doumbouya est en train d\u2019\u00e9pater toute l\u2019Afrique \u00bb"},"content":{"rendered":"<div>\n<div style=\"margin-bottom:20px;\"><img width=\"1000\" height=\"750\"src=\"https:\/\/i0.wp.com\/mediaguinee.com\/wp-content\/uploads\/2026\/01\/0894f230-3f31-4bbe-9d5c-2751b6ba3117.jpeg?w=1000&amp;ssl=1\" class=\"attachment-post-thumbnail size-post-thumbnail wp-post-image\" alt=\"\" decoding=\"async\" srcset=\"https:\/\/i0.wp.com\/mediaguinee.com\/wp-content\/uploads\/2026\/01\/0894f230-3f31-4bbe-9d5c-2751b6ba3117.jpeg?w=1000&amp;ssl=1 1000w, https:\/\/i0.wp.com\/mediaguinee.com\/wp-content\/uploads\/2026\/01\/0894f230-3f31-4bbe-9d5c-2751b6ba3117.jpeg?resize=300%2C225&amp;ssl=1 300w, https:\/\/i0.wp.com\/mediaguinee.com\/wp-content\/uploads\/2026\/01\/0894f230-3f31-4bbe-9d5c-2751b6ba3117.jpeg?resize=768%2C576&amp;ssl=1 768w, https:\/\/i0.wp.com\/mediaguinee.com\/wp-content\/uploads\/2026\/01\/0894f230-3f31-4bbe-9d5c-2751b6ba3117.jpeg?resize=86%2C64&amp;ssl=1 86w\" sizes=\"(max-width: 1000px) 100vw, 1000px\" data-attachment-id=\"305922\" data-permalink=\"https:\/\/mediaguinee.com\/2026\/01\/la-legende-congolaise-koffi-olomide-doumbouya-est-en-train-depater-toute-lafrique\/0894f230-3f31-4bbe-9d5c-2751b6ba3117\/\" data-orig-file=\"https:\/\/i0.wp.com\/mediaguinee.com\/wp-content\/uploads\/2026\/01\/0894f230-3f31-4bbe-9d5c-2751b6ba3117.jpeg?fit=1000%2C750&amp;ssl=1\" data-orig-size=\"1000,750\" data-comments-opened=\"1\" data-image-meta='{\"aperture\":\"0\",\"credit\":\"\",\"camera\":\"\",\"caption\":\"\",\"created_timestamp\":\"1767391341\",\"copyright\":\"\",\"focal_length\":\"0\",\"iso\":\"0\",\"shutter_speed\":\"0\",\"title\":\"\",\"orientation\":\"0\"}' data-image-title=\"0894f230-3f31-4bbe-9d5c-2751b6ba3117\" data-image-description=\"\" data-image-caption=\"\" data-medium-file=\"https:\/\/i0.wp.com\/mediaguinee.com\/wp-content\/uploads\/2026\/01\/0894f230-3f31-4bbe-9d5c-2751b6ba3117.jpeg?fit=300%2C225&amp;ssl=1\" data-large-file=\"https:\/\/i0.wp.com\/mediaguinee.com\/wp-content\/uploads\/2026\/01\/0894f230-3f31-4bbe-9d5c-2751b6ba3117.jpeg?fit=1000%2C750&amp;ssl=1\"><\/div>\n<p>En s\u00e9jour \u00e0 Conakry dans le cadre d\u2019un concert public pr\u00e9vu ce samedi 03 janvier 2026, la star congolaise Koffi Olomid\u00e9 a profit\u00e9 de son passage en Guin\u00e9e pour adresser un message fort aux Guin\u00e9ens, les invitant \u00e0 accorder du temps au pr\u00e9sident de la Transition, le G\u00e9n\u00e9ral Mamadi Doumbouya, afin de lui permettre de poursuivre son travail.<\/p>\n<p>Invit\u00e9 du journal t\u00e9l\u00e9vis\u00e9 de 20h30 de la t\u00e9l\u00e9vision nationale ce vendredi 02 janvier 2026, l\u2019artiste a exprim\u00e9 son admiration pour le chef de l\u2019\u00c9tat guin\u00e9en, qu\u2019il consid\u00e8re comme une v\u00e9ritable chance pour le pays. Selon lui, de nombreux Africains r\u00eaveraient aujourd\u2019hui d\u2019avoir un dirigeant comme Mamadi Doumbouya.<\/p>\n<p>\u00ab Je suis venu soutenir la candidature de monsieur Doumbouya, qui est en train d\u2019\u00e9pater toute l\u2019Afrique. Moi, je suis de loin tout ce qui se passe en Guin\u00e9e, et je vous dis que beaucoup d\u2019Africains, dans tous les pays, r\u00eaveraient d\u2019avoir un Doumbouya. Je le dis vraiment de fa\u00e7on sinc\u00e8re \u00bb, a-t-il d\u00e9clar\u00e9.<\/p>\n<p>Pour le c\u00e9l\u00e8bre Grand Mopao, le pr\u00e9sident guin\u00e9en se distingue par son attachement au peuple et \u00e0 la nation :<\/p>\n<p>\u00ab C\u2019est quelqu\u2019un qui, \u00e0 vue d\u2019\u0153il, aime son peuple, aime ses compatriotes et aime son pays. \u00bb<\/p>\n<p>Abordant le climat sociopolitique en Guin\u00e9e, Koffi Olomid\u00e9 s\u2019est dit satisfait du d\u00e9roulement du processus \u00e9lectoral, contrastant avec les tensions souvent observ\u00e9es ailleurs sur le continent :<\/p>\n<p>\u00ab G\u00e9n\u00e9ralement, pendant les p\u00e9riodes \u00e9lectorales en Afrique, on parle de contestations et de turbulences. J\u2019ai vu comment les \u00e9lections se sont pass\u00e9es ici. Je suis ravi de constater qu\u2019il y a la joie de vivre et la tranquillit\u00e9 en Guin\u00e9e. Les \u00e9lections se sont d\u00e9roul\u00e9es normalement. \u00bb<\/p>\n<p>L\u2019artiste a ensuite lanc\u00e9 un appel direct aux Guin\u00e9ens : \u00ab Je demande \u00e0 mes fr\u00e8res guin\u00e9ens de donner du temps \u00e0 monsieur Mamadi Doumbouya, de le laisser travailler. Il est jeune, dynamique, il aime son pays et veut le voir avancer. Il y a d\u00e9j\u00e0 de l\u2019avancement. \u00bb<\/p>\n<p>Selon lui, l\u2019Afrique a aujourd\u2019hui besoin de dirigeants jeunes et engag\u00e9s : \u00ab C\u2019est ce qu\u2019il faut \u00e0 nos pays aujourd\u2019hui : des pr\u00e9sidents jeunes et dynamiques. Qu\u2019on le laisse travailler. Et puis, on peut \u00eatre opposant sans \u00eatre syst\u00e9matiquement oppos\u00e9. \u00bb<\/p>\n<p><strong>Elisa CAMARA<\/strong><\/p>\n<p>\u00a0<\/p>\n<p>L\u2019article <a href=\"https:\/\/mediaguinee.com\/2026\/01\/la-legende-congolaise-koffi-olomide-doumbouya-est-en-train-depater-toute-lafrique\/\">La l\u00e9gende congolaise Koffi Olomid\u00e9 : \u00ab Doumbouya est en train d\u2019\u00e9pater toute l\u2019Afrique \u00bb<\/a> est apparu en premier sur <a href=\"https:\/\/mediaguinee.com\/\">Mediaguinee.com<\/a>.<\/p>\n<\/div>\n","protected":false},"excerpt":{"rendered":"<p>En s\u00e9jour \u00e0 Conakry dans le cadre d\u2019un concert public pr\u00e9vu ce samedi 03 janvier 2026, la star congolaise Koffi Olomid\u00e9 a profit\u00e9 de son passage en Guin\u00e9e pour adresser un message fort aux Guin\u00e9ens, les invitant \u00e0 accorder du temps au pr\u00e9sident de la Transition, le G\u00e9n\u00e9ral Mamadi Doumbouya, afin de lui permettre de &hellip;<\/p>\n","protected":false},"author":1,"featured_media":0,"comment_status":"closed","ping_status":"closed","sticky":false,"template":"","format":"standard","meta":{"footnotes":""},"categories":[2],"tags":[23],"_links":{"self":[{"href":"https:\/\/sn.ambaguinee.org\/index.php?rest_route=\/wp\/v2\/posts\/90359"}],"collection":[{"href":"https:\/\/sn.ambaguinee.org\/index.php?rest_route=\/wp\/v2\/posts"}],"about":[{"href":"https:\/\/sn.ambaguinee.org\/index.php?rest_route=\/wp\/v2\/types\/post"}],"author":[{"embeddable":true,"href":"https:\/\/sn.ambaguinee.org\/index.php?rest_route=\/wp\/v2\/users\/1"}],"replies":[{"embeddable":true,"href":"https:\/\/sn.ambaguinee.org\/index.php?rest_route=%2Fwp%2Fv2%2Fcomments&post=90359"}],"version-history":[{"count":0,"href":"https:\/\/sn.ambaguinee.org\/index.php?rest_route=\/wp\/v2\/posts\/90359\/revisions"}],"wp:attachment":[{"href":"https:\/\/sn.ambaguinee.org\/index.php?rest_route=%2Fwp%2Fv2%2Fmedia&parent=90359"}],"wp:term":[{"taxonomy":"category","embeddable":true,"href":"https:\/\/sn.ambaguinee.org\/index.php?rest_route=%2Fwp%2Fv2%2Fcategories&post=90359"},{"taxonomy":"post_tag","embeddable":true,"href":"https:\/\/sn.ambaguinee.org\/index.php?rest_route=%2Fwp%2Fv2%2Ftags&post=90359"}],"curies":[{"name":"wp","href":"https:\/\/api.w.org\/{rel}","templated":true}]}}