{"id":90364,"date":"2026-01-03T02:32:52","date_gmt":"2026-01-03T01:32:52","guid":{"rendered":"https:\/\/sn.ambaguinee.org\/?p=90364"},"modified":"2026-01-03T02:32:52","modified_gmt":"2026-01-03T01:32:52","slug":"reprise-des-classes-en-guinee-le-mepua-annonce-un-ajustement-du-calendrier-scolaire","status":"publish","type":"post","link":"https:\/\/sn.ambaguinee.org\/?p=90364","title":{"rendered":"Reprise des classes en Guin\u00e9e : le MEPUA annonce un ajustement du calendrier scolaire"},"content":{"rendered":"<div>\n<div style=\"margin-bottom:20px;\"><img width=\"800\" height=\"1018\"src=\"https:\/\/i0.wp.com\/www.guinee7.com\/wp-content\/uploads\/2025\/09\/Paul-Cedy-bon.jpg?w=800&amp;ssl=1\" class=\"attachment-post-thumbnail size-post-thumbnail wp-post-image\" alt=\"\" decoding=\"async\" srcset=\"https:\/\/i0.wp.com\/www.guinee7.com\/wp-content\/uploads\/2025\/09\/Paul-Cedy-bon.jpg?w=800&amp;ssl=1 800w, https:\/\/i0.wp.com\/www.guinee7.com\/wp-content\/uploads\/2025\/09\/Paul-Cedy-bon.jpg?resize=236%2C300&amp;ssl=1 236w, https:\/\/i0.wp.com\/www.guinee7.com\/wp-content\/uploads\/2025\/09\/Paul-Cedy-bon.jpg?resize=768%2C977&amp;ssl=1 768w\" sizes=\"(max-width: 800px) 100vw, 800px\"><\/div>\n<p><span style=\"font-size: 18px;\">Apr\u00e8s plusieurs semaines de cong\u00e9 exceptionnel, les \u00e9l\u00e8ves Guin\u00e9ens reprennent le chemin de l\u2019\u00e9cole, ce lundi 5 janvier 2026. Les cours reprennent sur l\u2019ensemble du territoire national \u00e0 8h 00. <\/span><\/p>\n<p><span style=\"font-size: 18px;\">Dans un communiqu\u00e9 officiel, le Minist\u00e8re de l\u2019Enseignement Pr\u00e9-Universitaire et de l\u2019Alphab\u00e9tisation (MEPUA) a adress\u00e9 ses meilleurs v\u0153ux de sant\u00e9, de paix et de r\u00e9ussite \u00e0 l\u2019ensemble des \u00e9l\u00e8ves, enseignantes, enseignants, parents d\u2019\u00e9l\u00e8ves ainsi qu\u2019aux partenaires du syst\u00e8me \u00e9ducatif.<\/span><\/p>\n<p><span style=\"font-size: 18px;\">Le d\u00e9partement a \u00e9galement f\u00e9licit\u00e9 et remerci\u00e9 la communaut\u00e9 \u00e9ducative pour \u201cson sens \u00e9lev\u00e9 de responsabilit\u00e9 et de civisme, lors du scrutin pr\u00e9sidentiel du 28 d\u00e9cembre 2025, qui s\u2019est d\u00e9roul\u00e9, sur toute l\u2019\u00e9tendue du territoire national, dans un climat apais\u00e9\u201d.<\/span><\/p>\n<p><span style=\"font-size: 18px;\">Par ailleurs, le MEPUA rassure l\u2019ensemble des acteurs de l\u2019\u00e9ducation que le calendrier scolaire conna\u00eetra un l\u00e9ger r\u00e9am\u00e9nagement, afin de mieux s\u2019adapter aux normes p\u00e9dagogiques et aux exigences de l\u2019enseignement-apprentissage.<\/span><\/p>\n<p><strong><span style=\"font-size: 18px;\">Bhoye Barry pour guinee7.com<\/span><\/strong><!--\/data\/user\/0\/com.samsung.android.app.notes\/files\/clipdata\/clipdata_bodytext_260102_221644_868.sdocx--><\/p>\n<p>L\u2019article <a href=\"https:\/\/www.guinee7.com\/2026\/01\/02\/reprise-des-classes-en-guinee-le-mepua-annonce-un-ajustement-du-calendrier-scolaire\/\">Reprise des classes en Guin\u00e9e : le MEPUA annonce un ajustement du calendrier scolaire<\/a> est apparu en premier sur <a href=\"https:\/\/www.guinee7.com\/\">Guinee7.com<\/a>.<\/p>\n<\/div>\n","protected":false},"excerpt":{"rendered":"<p>Apr\u00e8s plusieurs semaines de cong\u00e9 exceptionnel, les \u00e9l\u00e8ves Guin\u00e9ens reprennent le chemin de l\u2019\u00e9cole, ce lundi 5 janvier 2026. Les cours reprennent sur l\u2019ensemble du territoire national \u00e0 8h 00. Dans un communiqu\u00e9 officiel, le Minist\u00e8re de l\u2019Enseignement Pr\u00e9-Universitaire et de l\u2019Alphab\u00e9tisation (MEPUA) a adress\u00e9 ses meilleurs v\u0153ux de sant\u00e9, de paix et de r\u00e9ussite &hellip;<\/p>\n","protected":false},"author":1,"featured_media":0,"comment_status":"closed","ping_status":"closed","sticky":false,"template":"","format":"standard","meta":{"footnotes":""},"categories":[2],"tags":[22],"_links":{"self":[{"href":"https:\/\/sn.ambaguinee.org\/index.php?rest_route=\/wp\/v2\/posts\/90364"}],"collection":[{"href":"https:\/\/sn.ambaguinee.org\/index.php?rest_route=\/wp\/v2\/posts"}],"about":[{"href":"https:\/\/sn.ambaguinee.org\/index.php?rest_route=\/wp\/v2\/types\/post"}],"author":[{"embeddable":true,"href":"https:\/\/sn.ambaguinee.org\/index.php?rest_route=\/wp\/v2\/users\/1"}],"replies":[{"embeddable":true,"href":"https:\/\/sn.ambaguinee.org\/index.php?rest_route=%2Fwp%2Fv2%2Fcomments&post=90364"}],"version-history":[{"count":0,"href":"https:\/\/sn.ambaguinee.org\/index.php?rest_route=\/wp\/v2\/posts\/90364\/revisions"}],"wp:attachment":[{"href":"https:\/\/sn.ambaguinee.org\/index.php?rest_route=%2Fwp%2Fv2%2Fmedia&parent=90364"}],"wp:term":[{"taxonomy":"category","embeddable":true,"href":"https:\/\/sn.ambaguinee.org\/index.php?rest_route=%2Fwp%2Fv2%2Fcategories&post=90364"},{"taxonomy":"post_tag","embeddable":true,"href":"https:\/\/sn.ambaguinee.org\/index.php?rest_route=%2Fwp%2Fv2%2Ftags&post=90364"}],"curies":[{"name":"wp","href":"https:\/\/api.w.org\/{rel}","templated":true}]}}