{"id":90567,"date":"2026-01-07T01:28:14","date_gmt":"2026-01-07T00:28:14","guid":{"rendered":"https:\/\/sn.ambaguinee.org\/?p=90567"},"modified":"2026-01-07T01:28:14","modified_gmt":"2026-01-07T00:28:14","slug":"guinee-le-parquet-general-annonce-le-deces-de-claude-pivi","status":"publish","type":"post","link":"https:\/\/sn.ambaguinee.org\/?p=90567","title":{"rendered":"Guin\u00e9e : le parquet g\u00e9n\u00e9ral annonce le d\u00e9c\u00e8s de Claude Pivi"},"content":{"rendered":"<div>\n<div style=\"margin-bottom:20px;\"><img width=\"686\" height=\"815\"src=\"https:\/\/i0.wp.com\/www.guinee7.com\/wp-content\/uploads\/2026\/01\/IMG-20260106-WA0044.jpg?w=686&amp;ssl=1\" class=\"attachment-post-thumbnail size-post-thumbnail wp-post-image\" alt=\"\" decoding=\"async\" loading=\"lazy\" srcset=\"https:\/\/i0.wp.com\/www.guinee7.com\/wp-content\/uploads\/2026\/01\/IMG-20260106-WA0044.jpg?w=686&amp;ssl=1 686w, https:\/\/i0.wp.com\/www.guinee7.com\/wp-content\/uploads\/2026\/01\/IMG-20260106-WA0044.jpg?resize=253%2C300&amp;ssl=1 253w\" sizes=\"auto, (max-width: 686px) 100vw, 686px\"><\/div>\n<p><span style=\"font-size: 18px;\">Le parquet g\u00e9n\u00e9ral pr\u00e8s la cour d\u2019appel de Conakry a annonc\u00e9, dans un communiqu\u00e9 rendu public dans la soir\u00e9e de ce mardi 06 janvier 2026, le d\u00e9c\u00e8s de Monsieur Claude Pivi.<\/span><\/p>\n<p><span style=\"font-size: 18px;\">Selon le communiqu\u00e9, le d\u00e9c\u00e8s est survenu ce m\u00eame mardi 06 janvier 2026 \u00e0 l\u2019h\u00f4pital militaire Almamy Samory Tour\u00e9 de Conakry, o\u00f9 il avait \u00e9t\u00e9 \u00e9vacu\u00e9 depuis deux jours en raison d\u2019une hypoglyc\u00e9mie s\u00e9v\u00e8re.<\/span><\/p>\n<p><span style=\"font-size: 18px;\">Toutefois, le parquet g\u00e9n\u00e9ral pr\u00e9cise qu\u2019une autopsie m\u00e9dico-l\u00e9gale sera pratiqu\u00e9e afin de d\u00e9terminer avec exactitude les circonstances et la cause du d\u00e9c\u00e8s.<\/span><\/p>\n<p><img data-recalc-dims=\"1\" loading=\"lazy\" decoding=\"async\" class=\"alignnone wp-image-125352 size-full\"src=\"https:\/\/i0.wp.com\/www.guinee7.com\/wp-content\/uploads\/2026\/01\/IMG-20260106-WA0043.jpg?w=642&amp;ssl=1\" alt=\"\" width=\"642\" height=\"889\" srcset=\"https:\/\/i0.wp.com\/www.guinee7.com\/wp-content\/uploads\/2026\/01\/IMG-20260106-WA0043.jpg?w=642&amp;ssl=1 642w, https:\/\/i0.wp.com\/www.guinee7.com\/wp-content\/uploads\/2026\/01\/IMG-20260106-WA0043.jpg?resize=217%2C300&amp;ssl=1 217w\" sizes=\"auto, (max-width: 642px) 100vw, 642px\"><\/p>\n<p><span style=\"font-size: 18px;\"><strong>Guinee7.com<\/strong>\u00a0<\/span><!--\/data\/user\/0\/com.samsung.android.app.notes\/files\/clipdata\/clipdata_bodytext_260106_213805_675.sdocx--><\/p>\n<p>L\u2019article <a href=\"https:\/\/www.guinee7.com\/2026\/01\/06\/guinee-le-parquet-general-annonce-le-deces-de-claude-pivi\/\">Guin\u00e9e : le parquet g\u00e9n\u00e9ral annonce le d\u00e9c\u00e8s de Claude Pivi<\/a> est apparu en premier sur <a href=\"https:\/\/www.guinee7.com\/\">Guinee7.com<\/a>.<\/p>\n<\/div>\n","protected":false},"excerpt":{"rendered":"<p>Le parquet g\u00e9n\u00e9ral pr\u00e8s la cour d\u2019appel de Conakry a annonc\u00e9, dans un communiqu\u00e9 rendu public dans la soir\u00e9e de ce mardi 06 janvier 2026, le d\u00e9c\u00e8s de Monsieur Claude Pivi. Selon le communiqu\u00e9, le d\u00e9c\u00e8s est survenu ce m\u00eame mardi 06 janvier 2026 \u00e0 l\u2019h\u00f4pital militaire Almamy Samory Tour\u00e9 de Conakry, o\u00f9 il avait &hellip;<\/p>\n","protected":false},"author":1,"featured_media":0,"comment_status":"closed","ping_status":"closed","sticky":false,"template":"","format":"standard","meta":{"footnotes":""},"categories":[2],"tags":[22],"_links":{"self":[{"href":"https:\/\/sn.ambaguinee.org\/index.php?rest_route=\/wp\/v2\/posts\/90567"}],"collection":[{"href":"https:\/\/sn.ambaguinee.org\/index.php?rest_route=\/wp\/v2\/posts"}],"about":[{"href":"https:\/\/sn.ambaguinee.org\/index.php?rest_route=\/wp\/v2\/types\/post"}],"author":[{"embeddable":true,"href":"https:\/\/sn.ambaguinee.org\/index.php?rest_route=\/wp\/v2\/users\/1"}],"replies":[{"embeddable":true,"href":"https:\/\/sn.ambaguinee.org\/index.php?rest_route=%2Fwp%2Fv2%2Fcomments&post=90567"}],"version-history":[{"count":0,"href":"https:\/\/sn.ambaguinee.org\/index.php?rest_route=\/wp\/v2\/posts\/90567\/revisions"}],"wp:attachment":[{"href":"https:\/\/sn.ambaguinee.org\/index.php?rest_route=%2Fwp%2Fv2%2Fmedia&parent=90567"}],"wp:term":[{"taxonomy":"category","embeddable":true,"href":"https:\/\/sn.ambaguinee.org\/index.php?rest_route=%2Fwp%2Fv2%2Fcategories&post=90567"},{"taxonomy":"post_tag","embeddable":true,"href":"https:\/\/sn.ambaguinee.org\/index.php?rest_route=%2Fwp%2Fv2%2Ftags&post=90567"}],"curies":[{"name":"wp","href":"https:\/\/api.w.org\/{rel}","templated":true}]}}