{"id":92299,"date":"2026-01-27T23:32:31","date_gmt":"2026-01-27T22:32:31","guid":{"rendered":"https:\/\/sn.ambaguinee.org\/?p=92299"},"modified":"2026-01-27T23:32:31","modified_gmt":"2026-01-27T22:32:31","slug":"le-selectionneur-du-syli-en-visite-a-lacademie-kpc","status":"publish","type":"post","link":"https:\/\/sn.ambaguinee.org\/?p=92299","title":{"rendered":"Le s\u00e9lectionneur du Syli en visite \u00e0 l\u2019Acad\u00e9mie KPC"},"content":{"rendered":"<div>\n<p><strong>KHORIRA- Ce mardi 27 janvier, le si\u00e8ge de l\u2019acad\u00e9mie KPC situ\u00e9 \u00e0 Khorira dans la pr\u00e9fecture de Dubr\u00e9ka, a re\u00e7u la visite du s\u00e9lectionneur du National de Guin\u00e9e<\/strong>. <\/p>\n<p>Paulo Duart\u00e9 \u00e9tait entour\u00e9 des responsables de ladite academie et de ses quelques membres du staff. Cette visite a permis au s\u00e9lectionneur de voir le travail serieux fair par cette \u00e9cole de foot, et d\u2019encourager les jeunes qui y travaillent, eux qui constituent l\u2019avenir du Syli. <\/p>\n<figure class=\"wp-block-image size-large\"><img fetchpriority=\"high\" decoding=\"async\" width=\"1024\" height=\"683\"src=\"https:\/\/usercontent.one\/wp\/guineefoot.info\/wp-content\/uploads\/2026\/01\/FB_IMG_1769535522439.jpg?media=1735902803\" alt=\"\" class=\"wp-image-57373\" srcset=\"https:\/\/usercontent.one\/wp\/guineefoot.info\/wp-content\/uploads\/2026\/01\/FB_IMG_1769535522439-1024x683.jpg?media=1735902803 1024w, https:\/\/usercontent.one\/wp\/guineefoot.info\/wp-content\/uploads\/2026\/01\/FB_IMG_1769535522439-300x200.jpg?media=1735902803 300w, https:\/\/usercontent.one\/wp\/guineefoot.info\/wp-content\/uploads\/2026\/01\/FB_IMG_1769535522439-768x512.jpg?media=1735902803 768w, https:\/\/usercontent.one\/wp\/guineefoot.info\/wp-content\/uploads\/2026\/01\/FB_IMG_1769535522439-600x400.jpg?media=1735902803 600w, https:\/\/usercontent.one\/wp\/guineefoot.info\/wp-content\/uploads\/2026\/01\/FB_IMG_1769535522439.jpg?media=1735902803 1080w\" sizes=\"(max-width: 1024px) 100vw, 1024px\"><\/figure>\n<\/div>\n","protected":false},"excerpt":{"rendered":"<p>KHORIRA- Ce mardi 27 janvier, le si\u00e8ge de l\u2019acad\u00e9mie KPC situ\u00e9 \u00e0 Khorira dans la pr\u00e9fecture de Dubr\u00e9ka, a re\u00e7u la visite du s\u00e9lectionneur du National de Guin\u00e9e. Paulo Duart\u00e9 \u00e9tait entour\u00e9 des responsables de ladite academie et de ses quelques membres du staff. Cette visite a permis au s\u00e9lectionneur de voir le travail serieux &hellip;<\/p>\n","protected":false},"author":1,"featured_media":0,"comment_status":"closed","ping_status":"closed","sticky":false,"template":"","format":"standard","meta":{"footnotes":""},"categories":[4],"tags":[],"_links":{"self":[{"href":"https:\/\/sn.ambaguinee.org\/index.php?rest_route=\/wp\/v2\/posts\/92299"}],"collection":[{"href":"https:\/\/sn.ambaguinee.org\/index.php?rest_route=\/wp\/v2\/posts"}],"about":[{"href":"https:\/\/sn.ambaguinee.org\/index.php?rest_route=\/wp\/v2\/types\/post"}],"author":[{"embeddable":true,"href":"https:\/\/sn.ambaguinee.org\/index.php?rest_route=\/wp\/v2\/users\/1"}],"replies":[{"embeddable":true,"href":"https:\/\/sn.ambaguinee.org\/index.php?rest_route=%2Fwp%2Fv2%2Fcomments&post=92299"}],"version-history":[{"count":0,"href":"https:\/\/sn.ambaguinee.org\/index.php?rest_route=\/wp\/v2\/posts\/92299\/revisions"}],"wp:attachment":[{"href":"https:\/\/sn.ambaguinee.org\/index.php?rest_route=%2Fwp%2Fv2%2Fmedia&parent=92299"}],"wp:term":[{"taxonomy":"category","embeddable":true,"href":"https:\/\/sn.ambaguinee.org\/index.php?rest_route=%2Fwp%2Fv2%2Fcategories&post=92299"},{"taxonomy":"post_tag","embeddable":true,"href":"https:\/\/sn.ambaguinee.org\/index.php?rest_route=%2Fwp%2Fv2%2Ftags&post=92299"}],"curies":[{"name":"wp","href":"https:\/\/api.w.org\/{rel}","templated":true}]}}