{"id":92346,"date":"2026-01-28T23:06:20","date_gmt":"2026-01-28T22:06:20","guid":{"rendered":"https:\/\/sn.ambaguinee.org\/?p=92346"},"modified":"2026-01-28T23:06:20","modified_gmt":"2026-01-28T22:06:20","slug":"reunion-comex-nouveaux-membres-cooptes-bilan-de-la-tournee-de-duarte-en-europe","status":"publish","type":"post","link":"https:\/\/sn.ambaguinee.org\/?p=92346","title":{"rendered":"R\u00e9union COMEX : nouveaux membres coopt\u00e9s, bilan de la tourn\u00e9e de Duart\u00e9 en Europe"},"content":{"rendered":"<div>\n<p><strong>CONAKRY- Le Comit\u00e9 Ex\u00e9cutif de la F\u00e9d\u00e9ration Guin\u00e9enne de Football s\u2019est r\u00e9uni ce mardi 27 janvier 2026 au Centre Technique de Nongo sous la pr\u00e9sidence de Sory Doumbouya. Cette r\u00e9union a \u00e9t\u00e9 marqu\u00e9e par la premi\u00e8re participation des membres coopt\u00e9s, qui ont pris part aux travaux du Comit\u00e9 Ex\u00e9cutif.<\/strong><\/p>\n<p>\u00c0 l\u2019occasion de cette r\u00e9union, les membres coopt\u00e9s ont exprim\u00e9 leur satisfaction et leur joie de rejoindre le Comit\u00e9 Ex\u00e9cutif, tout en r\u00e9affirmant leur volont\u00e9 de s\u2019impliquer pleinement dans la vie et le fonctionnement de la F\u00e9d\u00e9ration Guin\u00e9enne de Football. \u00c0 l\u2019issue de la r\u00e9union, le Secr\u00e9taire G\u00e9n\u00e9ral Ibrahima Blasco Barry, est revenu sur les grandes lignes de cette rencontre.<\/p>\n<p>\u201c<em>Cette r\u00e9union a \u00e9t\u00e9 exceptionnelle pour le simple fait que c\u2019\u00e9tait la rentr\u00e9e des nouveaux membres du Comit\u00e9 Ex\u00e9cutif qui ont \u00e9t\u00e9 coopt\u00e9s conform\u00e9ment aux dispositions de nos statuts. Et il y avait une ambiance carnavalesque parce que ceci s\u2019est mat\u00e9rialis\u00e9 par la d\u00e9termination de tous ces nouveaux Membres \u00e0 apporter leurs contributions au d\u00e9veloppement de notre football. Donc, la r\u00e9union d\u2019aujourd\u2019hui a \u00e9t\u00e9 consacr\u00e9e d\u2019abord \u00e0 cela, au souhait de bienvenue du Pr\u00e9sident de la F\u00e9d\u00e9ration \u00e0 ses nouveaux Membres, mais aussi \u00e0 un certain nombre de points que nous avons discut\u00e9s, et notamment le point concernant les informations g\u00e9n\u00e9rales, la mission de la F\u00e9d\u00e9ration qui s\u2019est tenue \u00e0 Rabat, en marge de la Coupe d\u2019Afrique des Nations 2025, o\u00f9 nous avons discut\u00e9 avec la FIFA de la gouvernance de notre association nationale.<\/em><\/p>\n<p><em>La FIFA, comme je l\u2019ai dit au cours d\u2019une interview, se r\u00e9jouit de la gouvernance de l\u2019association telle qu\u2019elle se porte en ce moment. Mais aussi, nous avons discut\u00e9 d\u2019un certain nombre de projets que nous voulons impl\u00e9menter dans notre pays, notamment le projet d\u2019impl\u00e9mentation de stades de proximit\u00e9 dans le pays, et au-del\u00e0 aussi, le projet d\u2019extension par la construction de tribunes amovibles de cent places pour les terrains de Mamou et de Faranah.<\/em><\/p>\n<p><strong>Sur la tourn\u00e9e Europ\u00e9enne de Paulo Duart\u00e9<\/strong> <\/p>\n<p><em>Nous avons parl\u00e9 de la tourn\u00e9e europ\u00e9enne du s\u00e9lectionneur national, Paulo Duart\u00e9, accompagn\u00e9 de son adjoint, ainsi que du team manager Ousmane Decazy Camara, et tout ceci conduit par un membre du Comit\u00e9 Ex\u00e9cutif, Mohamed Lamine Nab\u00e9. Nous avons pass\u00e9 en revue son rapport de mission, mais en raison du fait que la mission n\u2019a pas pu \u00eatre totalement achev\u00e9e en ce moment, Mohamed Lamine Nab\u00e9 s\u00e9journe encore en France. Nous avons remis cela pour la prochaine fois.<\/em> <em>Ce qui est \u00e9vident, c\u2019est que nous devrions vous dire que la mission s\u2019est tr\u00e8s bien d\u00e9roul\u00e9e, tant en Espagne, en Italie, en France qu\u2019en Belgique. De nouveaux joueurs binationaux ont \u00e9t\u00e9 contact\u00e9s et nous avons donc collect\u00e9 les documents essentiels pour la proc\u00e9dure de changement de nationalit\u00e9 sportive pour ces joueurs-l\u00e0. Ceci est en cours.<\/em> <em>Il y a aussi des joueurs qui sont rest\u00e9s r\u00e9ticents depuis longtemps, qui, de fa\u00e7on formelle, ont donn\u00e9 leur accord de pouvoir accompagner l\u2019Equipe Nationale dans les prochaines comp\u00e9titions, notamment les prochaines \u00e9liminatoires de la Coupe d\u2019Afrique des Nations 2027. Au-del\u00e0 aussi, nous avons parl\u00e9 de l\u2019Unit\u00e9 d\u2019H\u00e9bergement des \u00e9quipes nationales ici \u00e0 Nongo.<\/em><\/p>\n<p><em>Nous avons b\u00e9n\u00e9fici\u00e9 du financement additionnel pour la r\u00e9novation et la restauration de l\u2019Unit\u00e9 d\u2019H\u00e9bergement de Nongo. Nous avons aussi discut\u00e9 de tous les aspects li\u00e9s \u00e0 la proc\u00e9dure d\u2019appel d\u2019offres, mais aussi de la soumission des entreprises et de l\u2019attribution du march\u00e9. Nous avons aussi discut\u00e9 de beaucoup d\u2019autres projets en cours de gestation, notamment dans le prolongement du projet FIFA Football for School, et nous sommes entrain d\u2019identifier les concessions scolaires pouvant abriter c\u2019est infrastructures.Voil\u00e0 donc la quintessence de ce qui s\u2019est pass\u00e9 au cours de cette r\u00e9union. Nous vous disons que les nouveaux membres qui sont arriv\u00e9s conform\u00e9ment aux dispositions de nos statuts se sont r\u00e9jouis du choix qui a \u00e9t\u00e9 port\u00e9 sur leurs personnes. Elles se sont engag\u00e9es r\u00e9solument \u00e0 apporter tout ce qui est en leur possession pour que le visage du football guin\u00e9en change positivement \u00bb<\/em>.<\/p>\n<p><strong>FEGUIFOOT<\/strong> <\/p>\n<\/div>\n","protected":false},"excerpt":{"rendered":"<p>CONAKRY- Le Comit\u00e9 Ex\u00e9cutif de la F\u00e9d\u00e9ration Guin\u00e9enne de Football s\u2019est r\u00e9uni ce mardi 27 janvier 2026 au Centre Technique de Nongo sous la pr\u00e9sidence de Sory Doumbouya. Cette r\u00e9union a \u00e9t\u00e9 marqu\u00e9e par la premi\u00e8re participation des membres coopt\u00e9s, qui ont pris part aux travaux du Comit\u00e9 Ex\u00e9cutif. \u00c0 l\u2019occasion de cette r\u00e9union, les &hellip;<\/p>\n","protected":false},"author":1,"featured_media":0,"comment_status":"closed","ping_status":"closed","sticky":false,"template":"","format":"standard","meta":{"footnotes":""},"categories":[4],"tags":[],"_links":{"self":[{"href":"https:\/\/sn.ambaguinee.org\/index.php?rest_route=\/wp\/v2\/posts\/92346"}],"collection":[{"href":"https:\/\/sn.ambaguinee.org\/index.php?rest_route=\/wp\/v2\/posts"}],"about":[{"href":"https:\/\/sn.ambaguinee.org\/index.php?rest_route=\/wp\/v2\/types\/post"}],"author":[{"embeddable":true,"href":"https:\/\/sn.ambaguinee.org\/index.php?rest_route=\/wp\/v2\/users\/1"}],"replies":[{"embeddable":true,"href":"https:\/\/sn.ambaguinee.org\/index.php?rest_route=%2Fwp%2Fv2%2Fcomments&post=92346"}],"version-history":[{"count":0,"href":"https:\/\/sn.ambaguinee.org\/index.php?rest_route=\/wp\/v2\/posts\/92346\/revisions"}],"wp:attachment":[{"href":"https:\/\/sn.ambaguinee.org\/index.php?rest_route=%2Fwp%2Fv2%2Fmedia&parent=92346"}],"wp:term":[{"taxonomy":"category","embeddable":true,"href":"https:\/\/sn.ambaguinee.org\/index.php?rest_route=%2Fwp%2Fv2%2Fcategories&post=92346"},{"taxonomy":"post_tag","embeddable":true,"href":"https:\/\/sn.ambaguinee.org\/index.php?rest_route=%2Fwp%2Fv2%2Ftags&post=92346"}],"curies":[{"name":"wp","href":"https:\/\/api.w.org\/{rel}","templated":true}]}}