{"id":92408,"date":"2026-01-29T23:50:38","date_gmt":"2026-01-29T22:50:38","guid":{"rendered":"https:\/\/sn.ambaguinee.org\/?p=92408"},"modified":"2026-01-29T23:50:38","modified_gmt":"2026-01-29T22:50:38","slug":"transfert-mohamed-kaba-prete-a-nantes-jusqua-la-fin-de-saison","status":"publish","type":"post","link":"https:\/\/sn.ambaguinee.org\/?p=92408","title":{"rendered":"Transfert : Mohamed Kaba pr\u00eat\u00e9 \u00e0 Nantes jusqu\u2019\u00e0 la fin de saison"},"content":{"rendered":"<div>\n<p><strong>NANTES- Le FC Nantes a officialis\u00e9 l\u2019arriv\u00e9e de Mohamed Kaba lors de ce mercato hivernal. Le milieu de terrain franco-guin\u00e9en de 24 ans rejoint les Canaris en provenance de Lecce, sous la forme d\u2019un pr\u00eat jusqu\u2019\u00e0 la fin de saison, avec une option d\u2019achat fix\u00e9e \u00e0 4 millions d\u2019euros.<\/strong><\/p>\n<p>R\u00e9v\u00e9l\u00e9 lors de la saison 2022-2023 avec Valenciennes en Ligue 2, Mohamed Kaba s\u2019\u00e9tait impos\u00e9 comme l\u2019un des milieux les plus prometteurs du championnat gr\u00e2ce \u00e0 son impact physique et son \u00e9norme volume de jeu. Apr\u00e8s une exp\u00e9rience en Serie A italienne, le joueur retrouve la Ligue 1 avec l\u2019ambition de s\u2019imposer et de relancer sa carri\u00e8re.<\/p>\n<p>En grande difficult\u00e9 cette saison, le FC Nantes pointe \u00e0 la 16e place de Ligue 1, en position de barragiste, avec un bilan de 3 victoires, 5 nuls et 11 d\u00e9faites en 19 rencontres. Le club nantais esp\u00e8re que l\u2019arriv\u00e9e de Kaba apportera stabilit\u00e9, intensit\u00e9 et solidit\u00e9 \u00e0 un milieu de terrain en souffrance.<\/p>\n<p>Joueur travailleur, puissant et mobile, Mohamed Kaba aura un r\u00f4le cl\u00e9 \u00e0 jouer dans la mission maintien des Jaune et Vert lors de cette seconde partie de saison.<\/p>\n<p>Reste une interrogation persistante : quand verra-t-on Mohamed Kaba sous le maillot du Syli National de Guin\u00e9e ? R\u00e9guli\u00e8rement courtis\u00e9 par la F\u00e9d\u00e9ration guin\u00e9enne de football, le milieu de terrain n\u2019a encore jamais \u00e9t\u00e9 s\u00e9lectionn\u00e9.<br \/>Des performances convaincantes avec Nantes et un solide projet sportif Guin\u00e9en pourraient toutefois acc\u00e9l\u00e9rer les choses.<\/p>\n<p><strong>Ibrahima SORY CISS\u00c9 <\/strong><\/p>\n<\/div>\n","protected":false},"excerpt":{"rendered":"<p>NANTES- Le FC Nantes a officialis\u00e9 l\u2019arriv\u00e9e de Mohamed Kaba lors de ce mercato hivernal. Le milieu de terrain franco-guin\u00e9en de 24 ans rejoint les Canaris en provenance de Lecce, sous la forme d\u2019un pr\u00eat jusqu\u2019\u00e0 la fin de saison, avec une option d\u2019achat fix\u00e9e \u00e0 4 millions d\u2019euros. R\u00e9v\u00e9l\u00e9 lors de la saison 2022-2023 &hellip;<\/p>\n","protected":false},"author":1,"featured_media":0,"comment_status":"closed","ping_status":"closed","sticky":false,"template":"","format":"standard","meta":{"footnotes":""},"categories":[4],"tags":[],"_links":{"self":[{"href":"https:\/\/sn.ambaguinee.org\/index.php?rest_route=\/wp\/v2\/posts\/92408"}],"collection":[{"href":"https:\/\/sn.ambaguinee.org\/index.php?rest_route=\/wp\/v2\/posts"}],"about":[{"href":"https:\/\/sn.ambaguinee.org\/index.php?rest_route=\/wp\/v2\/types\/post"}],"author":[{"embeddable":true,"href":"https:\/\/sn.ambaguinee.org\/index.php?rest_route=\/wp\/v2\/users\/1"}],"replies":[{"embeddable":true,"href":"https:\/\/sn.ambaguinee.org\/index.php?rest_route=%2Fwp%2Fv2%2Fcomments&post=92408"}],"version-history":[{"count":0,"href":"https:\/\/sn.ambaguinee.org\/index.php?rest_route=\/wp\/v2\/posts\/92408\/revisions"}],"wp:attachment":[{"href":"https:\/\/sn.ambaguinee.org\/index.php?rest_route=%2Fwp%2Fv2%2Fmedia&parent=92408"}],"wp:term":[{"taxonomy":"category","embeddable":true,"href":"https:\/\/sn.ambaguinee.org\/index.php?rest_route=%2Fwp%2Fv2%2Fcategories&post=92408"},{"taxonomy":"post_tag","embeddable":true,"href":"https:\/\/sn.ambaguinee.org\/index.php?rest_route=%2Fwp%2Fv2%2Ftags&post=92408"}],"curies":[{"name":"wp","href":"https:\/\/api.w.org\/{rel}","templated":true}]}}