{"id":92600,"date":"2026-02-01T02:56:36","date_gmt":"2026-02-01T01:56:36","guid":{"rendered":"https:\/\/sn.ambaguinee.org\/?p=92600"},"modified":"2026-02-01T02:56:36","modified_gmt":"2026-02-01T01:56:36","slug":"reintegration-de-la-guinee-a-la-cedeao-et-a-lua-bah-oury-salue-une-transition-devenue-reference","status":"publish","type":"post","link":"https:\/\/sn.ambaguinee.org\/?p=92600","title":{"rendered":"R\u00e9int\u00e9gration de la Guin\u00e9e \u00e0 la CEDEAO et \u00e0 l\u2019UA : Bah Oury salue une transition devenue \u201cr\u00e9f\u00e9rence\u201d"},"content":{"rendered":"<div>\n<div style=\"margin-bottom:20px;\"><img width=\"1440\" height=\"960\"src=\"https:\/\/i0.wp.com\/www.guinee7.com\/wp-content\/uploads\/2026\/01\/IMG-20260131-WA0006.jpg?w=1440&amp;ssl=1\" class=\"attachment-post-thumbnail size-post-thumbnail wp-post-image\" alt=\"\" decoding=\"async\" loading=\"lazy\" srcset=\"https:\/\/i0.wp.com\/www.guinee7.com\/wp-content\/uploads\/2026\/01\/IMG-20260131-WA0006.jpg?w=1440&amp;ssl=1 1440w, https:\/\/i0.wp.com\/www.guinee7.com\/wp-content\/uploads\/2026\/01\/IMG-20260131-WA0006.jpg?resize=300%2C200&amp;ssl=1 300w, https:\/\/i0.wp.com\/www.guinee7.com\/wp-content\/uploads\/2026\/01\/IMG-20260131-WA0006.jpg?resize=1024%2C683&amp;ssl=1 1024w, https:\/\/i0.wp.com\/www.guinee7.com\/wp-content\/uploads\/2026\/01\/IMG-20260131-WA0006.jpg?resize=768%2C512&amp;ssl=1 768w\" sizes=\"auto, (max-width: 1440px) 100vw, 1440px\"><\/div>\n<p><span style=\"font-size: 19px;\">La R\u00e9publique de Guin\u00e9e a \u00e9t\u00e9 r\u00e9int\u00e9gr\u00e9e au sein des instances de la CEDEAO et de l\u2019Union africaine. Cette r\u00e9int\u00e9gration fait suite \u00e0 l\u2019organisation de l\u2019\u00e9lection pr\u00e9sidentielle, \u00e0 l\u2019issue de laquelle Mamadi Doumbouya a \u00e9t\u00e9 \u00e9lu pr\u00e9sident de la R\u00e9publique.<\/span><\/p>\n<p><span style=\"font-size: 19px;\">Dans une vid\u00e9o publi\u00e9e sur sa page Facebook, le premier ministre Bah Oury s\u2019est f\u00e9licit\u00e9 de ces d\u00e9cisions. \u201cC\u2019est un grand joie et une immense satisfaction que nous ayons r\u00e9ussi \u00e0 organiser le r\u00e9f\u00e9rendum et l\u2019\u00e9lection pr\u00e9sidentielle sanctionn\u00e9e par l\u2019\u00e9lection du pr\u00e9sident<\/span><span style=\"font-size: 19px;\"> de la R\u00e9publique, Mahmoudi Doumbouya. Il a \u00e9t\u00e9 investi il y a moins de dix jours, et la communaut\u00e9 internationale est en train d\u2019acter cela par des d\u00e9cisions qui permettent \u00e0 la R\u00e9publique de Guin\u00e9e de r\u00e9cup\u00e9rer sa place au niveau de l\u2019Union africaine et au niveau de la CEDEAO\u201d, a-t-il d\u00e9clar\u00e9. <\/span><\/p>\n<p><span style=\"font-size: 19px;\">Selon lui, \u201cil faut saluer, disons, la r\u00e9silience et aussi la capacit\u00e9 de mobilisation et toute la dynamique qui a \u00e9t\u00e9 apport\u00e9e pour que de mani\u00e8re concert\u00e9e, ordonn\u00e9e et efficacement organis\u00e9e le retour \u00e0 l\u2019ordre constitutionnel de notre pays\u00a0\u00bb.<\/span><\/p>\n<p><span style=\"font-size: 19px;\">Il ajoute : \u00ab\u00a0La Guin\u00e9e\u00a0 salue se retour,\u00a0 ce qui est tr\u00e8s important puisque j\u2019ai eu l\u2019occasion d\u2019\u00e9changer avec le pr\u00e9sident de la commission de la CEDEAO M. Tour\u00e9 qui a particuli\u00e8rement impressionn\u00e9 par le chemin que le peuple de Guin\u00e9e a suivi\u201d. <\/span><\/p>\n<p><span style=\"font-size: 19px;\">Abordant la gestion de la transition, le chef du gouvernement estime que la Guin\u00e9e est d\u00e9sormais une r\u00e9f\u00e9rence. \u201c Et notre pays devient de plus en plus une r\u00e9f\u00e9rence, r\u00e9f\u00e9rence d\u2019une transition. Je ne veux pas dire que tout a \u00e9t\u00e9 parfait mais l\u2019exemple de la Guin\u00e9e aux regards des questionnements, des transitions en Afrique et ailleurs, la Guin\u00e9e sera pr\u00e9sent\u00e9e comme un mod\u00e8le dont il faut \u00e9tudier les r\u00e9ussites pour que d\u2019autres puissent s\u2019en inspirer\u201d, a-t-il expliqu\u00e9. <\/span><\/p>\n<p><span style=\"font-size: 19px;\">Il a conclu en affirmant : \u201cNous avons \u00e9volu\u00e9 dans une logique de restauration de l\u2019ordre constitutionnel en mettant les r\u00e9formes indispensables pour avoir de mani\u00e8re d\u00e9finitive un processus de d\u00e9volution du pouvoir de mani\u00e8re stricte, transparente et efficace\u201d. <\/span><\/p>\n<p><strong><span style=\"font-size: 19px;\">Bhoye Barry pour guinee7.com<\/span><\/strong><!--\/data\/user\/0\/com.samsung.android.app.notes\/files\/clipdata\/clipdata_bodytext_260131_161723_991.sdocx--><\/p>\n<p>L\u2019article <a href=\"https:\/\/www.guinee7.com\/2026\/01\/31\/reintegration-de-la-guinee-a-la-cedeao-et-a-lua-bah-oury-salue-une-transition-devenue-reference\/\">R\u00e9int\u00e9gration de la Guin\u00e9e \u00e0 la CEDEAO et \u00e0 l\u2019UA : Bah Oury salue une transition devenue \u201cr\u00e9f\u00e9rence\u201d<\/a> est apparu en premier sur <a href=\"https:\/\/www.guinee7.com\/\">Guinee7.com<\/a>.<\/p>\n<\/div>\n","protected":false},"excerpt":{"rendered":"<p>La R\u00e9publique de Guin\u00e9e a \u00e9t\u00e9 r\u00e9int\u00e9gr\u00e9e au sein des instances de la CEDEAO et de l\u2019Union africaine. Cette r\u00e9int\u00e9gration fait suite \u00e0 l\u2019organisation de l\u2019\u00e9lection pr\u00e9sidentielle, \u00e0 l\u2019issue de laquelle Mamadi Doumbouya a \u00e9t\u00e9 \u00e9lu pr\u00e9sident de la R\u00e9publique. Dans une vid\u00e9o publi\u00e9e sur sa page Facebook, le premier ministre Bah Oury s\u2019est f\u00e9licit\u00e9 &hellip;<\/p>\n","protected":false},"author":1,"featured_media":0,"comment_status":"closed","ping_status":"closed","sticky":false,"template":"","format":"standard","meta":{"footnotes":""},"categories":[2],"tags":[22],"_links":{"self":[{"href":"https:\/\/sn.ambaguinee.org\/index.php?rest_route=\/wp\/v2\/posts\/92600"}],"collection":[{"href":"https:\/\/sn.ambaguinee.org\/index.php?rest_route=\/wp\/v2\/posts"}],"about":[{"href":"https:\/\/sn.ambaguinee.org\/index.php?rest_route=\/wp\/v2\/types\/post"}],"author":[{"embeddable":true,"href":"https:\/\/sn.ambaguinee.org\/index.php?rest_route=\/wp\/v2\/users\/1"}],"replies":[{"embeddable":true,"href":"https:\/\/sn.ambaguinee.org\/index.php?rest_route=%2Fwp%2Fv2%2Fcomments&post=92600"}],"version-history":[{"count":0,"href":"https:\/\/sn.ambaguinee.org\/index.php?rest_route=\/wp\/v2\/posts\/92600\/revisions"}],"wp:attachment":[{"href":"https:\/\/sn.ambaguinee.org\/index.php?rest_route=%2Fwp%2Fv2%2Fmedia&parent=92600"}],"wp:term":[{"taxonomy":"category","embeddable":true,"href":"https:\/\/sn.ambaguinee.org\/index.php?rest_route=%2Fwp%2Fv2%2Fcategories&post=92600"},{"taxonomy":"post_tag","embeddable":true,"href":"https:\/\/sn.ambaguinee.org\/index.php?rest_route=%2Fwp%2Fv2%2Ftags&post=92600"}],"curies":[{"name":"wp","href":"https:\/\/api.w.org\/{rel}","templated":true}]}}