{"id":92601,"date":"2026-02-01T02:56:36","date_gmt":"2026-02-01T01:56:36","guid":{"rendered":"https:\/\/sn.ambaguinee.org\/?p=92601"},"modified":"2026-02-01T02:56:36","modified_gmt":"2026-02-01T01:56:36","slug":"propos-contre-ouattara-la-cote-divoire-convoque-lambassadeur-du-niger-et-depose-une-note-de-protestation","status":"publish","type":"post","link":"https:\/\/sn.ambaguinee.org\/?p=92601","title":{"rendered":"Propos contre Ouattara : la C\u00f4te d\u2019Ivoire convoque l\u2019ambassadeur du Niger et d\u00e9pose une note de protestation"},"content":{"rendered":"<div>\n<div style=\"margin-bottom:20px;\"><img width=\"720\" height=\"480\"src=\"https:\/\/i0.wp.com\/www.guinee7.com\/wp-content\/uploads\/2026\/01\/IMG-20260131-WA0007.jpg?w=720&amp;ssl=1\" class=\"attachment-post-thumbnail size-post-thumbnail wp-post-image\" alt=\"\" decoding=\"async\" loading=\"lazy\" srcset=\"https:\/\/i0.wp.com\/www.guinee7.com\/wp-content\/uploads\/2026\/01\/IMG-20260131-WA0007.jpg?w=720&amp;ssl=1 720w, https:\/\/i0.wp.com\/www.guinee7.com\/wp-content\/uploads\/2026\/01\/IMG-20260131-WA0007.jpg?resize=300%2C200&amp;ssl=1 300w\" sizes=\"auto, (max-width: 720px) 100vw, 720px\"><\/div>\n<p><span style=\"font-size: 19px;\">L\u2019Ambassadeur de la R\u00e9publique du Niger \u00e0 Abidjan a \u00e9t\u00e9 convoqu\u00e9 par le cabinet du minist\u00e8re des affaires \u00e9trang\u00e8res et de la coop\u00e9ration internationale ivoirien, vendredi 30 janvier 2026. Selon un communiqu\u00e9 officiel, cette convocation fait suite \u201caux graves propos tenus r\u00e9cemment par les plus hautes autorit\u00e9s nig\u00e9riennes \u00e0 l\u2019endroit de Son Excellence Monsieur Alassane OUATTARA, Pr\u00e9sident de la R\u00e9publique de C\u00f4te d\u2019ivoire\u201d. <\/span><\/p>\n<p><span style=\"font-size: 19px;\">Le communiqu\u00e9 pr\u00e9cise qu\u2019au cours de cet entretien, \u201cle Gouvernement ivoirien a expr<\/span><span style=\"font-size: 19px;\">im\u00e9 sa vive indignation et a condamn\u00e9 avec la plus grande fermet\u00e9 ces d\u00e9clarations qui non seulement contreviennent aux usages diplomatiques, mais portent une atteinte grave \u00e0 l\u2019honneur et \u00e0 la dignit\u00e9 du Chef de l\u2019\u00c9tat, ainsi qu\u2019au peuple ivoirien\u201d.<\/span><\/p>\n<p><span style=\"font-size: 19px;\">Par ailleurs, les autorit\u00e9s ivoiriennes rappellent leur attachement constant au dialogue, \u00e0 la paix et au maintien de relations d\u2019amiti\u00e9 et de fraternit\u00e9 avec les pays de la sous-r\u00e9gion. \u201cToutefois, elle ne saurait tol\u00e9rer que les institutions ivoiriennes soient l\u2019objet d\u2019agissements de nature \u00e0 compromettre s\u00e9rieusement la qualit\u00e9 de nos relations bilat\u00e9rales\u201d, pr\u00e9vient-elle. <\/span><\/p>\n<p><span style=\"font-size: 19px;\">Pour conclure, le minist\u00e8re indique qu\u2019une note de protestation formelle a \u00e9t\u00e9 remise \u00e0 l\u2019ambassadeur du Niger, pour transmission \u00e0 ses plus hautes autorit\u00e9s. \u201cLe Gouvernement ivoirien reste attentif \u00e0 la suite qui sera donn\u00e9e \u00e0 cette d\u00e9marche et se r\u00e9serve le droit de tirer toutes les cons\u00e9quences qui s\u2019imposent\u201d, mentionne le communiqu\u00e9. <\/span><\/p>\n<p><span style=\"font-size: 19px;\">Pour rappel, \u00e0 la suite de l\u2019attaque de l\u2019a\u00e9roport de Niamey par des hommes arm\u00e9s, le pr\u00e9sident nig\u00e9rien, le g\u00e9n\u00e9ral Abdourahamane Tiani, a accus\u00e9 les pr\u00e9sidents fran\u00e7ais, b\u00e9ninois et ivoirien d\u2019\u00eatre les \u00ab sponsors \u00bb des assaillants. Il a \u00e9galement tenu des propos jug\u00e9s d\u00e9plac\u00e9s \u00e0 l\u2019encontre de ces chefs d\u2019\u00c9tat.<\/span><\/p>\n<p><strong><span style=\"font-size: 19px;\">Bhoye Barry pour guinee7.com<\/span><\/strong><!--\/data\/user\/0\/com.samsung.android.app.notes\/files\/clipdata\/clipdata_bodytext_260131_192357_093.sdocx--><\/p>\n<p>L\u2019article <a href=\"https:\/\/www.guinee7.com\/2026\/01\/31\/propos-contre-ouattara-la-cote-divoire-convoque-lambassadeur-du-niger-et-depose-une-note-de-protestation\/\">Propos contre Ouattara : la C\u00f4te d\u2019Ivoire convoque l\u2019ambassadeur du Niger et d\u00e9pose une note de protestation<\/a> est apparu en premier sur <a href=\"https:\/\/www.guinee7.com\/\">Guinee7.com<\/a>.<\/p>\n<\/div>\n","protected":false},"excerpt":{"rendered":"<p>L\u2019Ambassadeur de la R\u00e9publique du Niger \u00e0 Abidjan a \u00e9t\u00e9 convoqu\u00e9 par le cabinet du minist\u00e8re des affaires \u00e9trang\u00e8res et de la coop\u00e9ration internationale ivoirien, vendredi 30 janvier 2026. Selon un communiqu\u00e9 officiel, cette convocation fait suite \u201caux graves propos tenus r\u00e9cemment par les plus hautes autorit\u00e9s nig\u00e9riennes \u00e0 l\u2019endroit de Son Excellence Monsieur Alassane &hellip;<\/p>\n","protected":false},"author":1,"featured_media":0,"comment_status":"closed","ping_status":"closed","sticky":false,"template":"","format":"standard","meta":{"footnotes":""},"categories":[2],"tags":[22],"_links":{"self":[{"href":"https:\/\/sn.ambaguinee.org\/index.php?rest_route=\/wp\/v2\/posts\/92601"}],"collection":[{"href":"https:\/\/sn.ambaguinee.org\/index.php?rest_route=\/wp\/v2\/posts"}],"about":[{"href":"https:\/\/sn.ambaguinee.org\/index.php?rest_route=\/wp\/v2\/types\/post"}],"author":[{"embeddable":true,"href":"https:\/\/sn.ambaguinee.org\/index.php?rest_route=\/wp\/v2\/users\/1"}],"replies":[{"embeddable":true,"href":"https:\/\/sn.ambaguinee.org\/index.php?rest_route=%2Fwp%2Fv2%2Fcomments&post=92601"}],"version-history":[{"count":0,"href":"https:\/\/sn.ambaguinee.org\/index.php?rest_route=\/wp\/v2\/posts\/92601\/revisions"}],"wp:attachment":[{"href":"https:\/\/sn.ambaguinee.org\/index.php?rest_route=%2Fwp%2Fv2%2Fmedia&parent=92601"}],"wp:term":[{"taxonomy":"category","embeddable":true,"href":"https:\/\/sn.ambaguinee.org\/index.php?rest_route=%2Fwp%2Fv2%2Fcategories&post=92601"},{"taxonomy":"post_tag","embeddable":true,"href":"https:\/\/sn.ambaguinee.org\/index.php?rest_route=%2Fwp%2Fv2%2Ftags&post=92601"}],"curies":[{"name":"wp","href":"https:\/\/api.w.org\/{rel}","templated":true}]}}