{"id":92602,"date":"2026-02-01T02:56:37","date_gmt":"2026-02-01T01:56:37","guid":{"rendered":"https:\/\/sn.ambaguinee.org\/?p=92602"},"modified":"2026-02-01T02:56:37","modified_gmt":"2026-02-01T01:56:37","slug":"sanctions-caf-le-senegal-accepte-la-decision-et-renonce-a-faire-appel","status":"publish","type":"post","link":"https:\/\/sn.ambaguinee.org\/?p=92602","title":{"rendered":"Sanctions CAF : le S\u00e9n\u00e9gal accepte la d\u00e9cision et renonce \u00e0 faire appel"},"content":{"rendered":"<div>\n<div style=\"margin-bottom:20px;\"><img width=\"1280\" height=\"563\"src=\"https:\/\/i0.wp.com\/www.guinee7.com\/wp-content\/uploads\/2026\/01\/IMG-20260131-WA0009.jpg?w=1280&amp;ssl=1\" class=\"attachment-post-thumbnail size-post-thumbnail wp-post-image\" alt=\"\" decoding=\"async\" srcset=\"https:\/\/i0.wp.com\/www.guinee7.com\/wp-content\/uploads\/2026\/01\/IMG-20260131-WA0009.jpg?w=1280&amp;ssl=1 1280w, https:\/\/i0.wp.com\/www.guinee7.com\/wp-content\/uploads\/2026\/01\/IMG-20260131-WA0009.jpg?resize=300%2C132&amp;ssl=1 300w, https:\/\/i0.wp.com\/www.guinee7.com\/wp-content\/uploads\/2026\/01\/IMG-20260131-WA0009.jpg?resize=1024%2C450&amp;ssl=1 1024w, https:\/\/i0.wp.com\/www.guinee7.com\/wp-content\/uploads\/2026\/01\/IMG-20260131-WA0009.jpg?resize=768%2C338&amp;ssl=1 768w\" sizes=\"(max-width: 1280px) 100vw, 1280px\"><\/div>\n<p><span style=\"font-size: 19px;\">La F\u00e9d\u00e9ration s\u00e9n\u00e9galaise de football a pris acte, ce samedi 31 janvier 2026, \u00e0 travers un communiqu\u00e9, de la d\u00e9cision rendue le 28 janvier dernier par le jury disciplinaire de la Conf\u00e9d\u00e9ration africaine de football (CAF).<\/span><\/p>\n<p><span style=\"font-size: 19px;\">Dans son communiqu\u00e9, l\u2019instance fa\u00eeti\u00e8re du football s\u00e9n\u00e9galais pr\u00e9cise qu\u2019\u00ab apr\u00e8s analyse de ladite d\u00e9cision \u00bb, elle a inform\u00e9 la CAF de son intention de ne pas interjeter appel des sanctions sportives et financi\u00e8res prononc\u00e9es \u00e0 son encontre.<\/span><\/p>\n<p><span style=\"font-size: 19px;\">Elle ajoute que cette renonciation aux voies de recours concerne \u00e9galement les mesures disciplin<\/span><span style=\"font-size: 19px;\">aires individuelles visant son s\u00e9lectionneur national, Pape Thiaw, ainsi que les deux joueurs Isma\u00efla Sarr et Iliman Ndiaye.<\/span><\/p>\n<p><span style=\"font-size: 19px;\">Enfin, la F\u00e9d\u00e9ration s\u00e9n\u00e9galaise de football confirme qu\u2019elle assume l\u2019enti\u00e8re responsabilit\u00e9 financi\u00e8re relative aux amendes inflig\u00e9es \u00e0 son association, \u00e0 son encadrement technique ainsi qu\u2019\u00e0 ses joueurs.<\/span><\/p>\n<p><img data-recalc-dims=\"1\" decoding=\"async\" class=\"alignnone wp-image-126153 size-full\"src=\"https:\/\/i0.wp.com\/www.guinee7.com\/wp-content\/uploads\/2026\/01\/IMG-20260131-WA0008.jpg?w=1071&amp;ssl=1\" alt=\"\" width=\"1071\" height=\"1280\" srcset=\"https:\/\/i0.wp.com\/www.guinee7.com\/wp-content\/uploads\/2026\/01\/IMG-20260131-WA0008.jpg?w=1071&amp;ssl=1 1071w, https:\/\/i0.wp.com\/www.guinee7.com\/wp-content\/uploads\/2026\/01\/IMG-20260131-WA0008.jpg?resize=251%2C300&amp;ssl=1 251w, https:\/\/i0.wp.com\/www.guinee7.com\/wp-content\/uploads\/2026\/01\/IMG-20260131-WA0008.jpg?resize=857%2C1024&amp;ssl=1 857w, https:\/\/i0.wp.com\/www.guinee7.com\/wp-content\/uploads\/2026\/01\/IMG-20260131-WA0008.jpg?resize=768%2C918&amp;ssl=1 768w\" sizes=\"(max-width: 1071px) 100vw, 1071px\"><\/p>\n<p><strong><span style=\"font-size: 19px;\">Thierno Abdoul Barry pour guinee7.com<\/span><\/strong><!--\/data\/user\/0\/com.samsung.android.app.notes\/files\/clipdata\/clipdata_bodytext_260131_192817_635.sdocx--><\/p>\n<p>L\u2019article <a href=\"https:\/\/www.guinee7.com\/2026\/01\/31\/sanctions-caf-le-senegal-accepte-la-decision-et-renonce-a-faire-appel\/\">Sanctions CAF : le S\u00e9n\u00e9gal accepte la d\u00e9cision et renonce \u00e0 faire appel<\/a> est apparu en premier sur <a href=\"https:\/\/www.guinee7.com\/\">Guinee7.com<\/a>.<\/p>\n<\/div>\n","protected":false},"excerpt":{"rendered":"<p>La F\u00e9d\u00e9ration s\u00e9n\u00e9galaise de football a pris acte, ce samedi 31 janvier 2026, \u00e0 travers un communiqu\u00e9, de la d\u00e9cision rendue le 28 janvier dernier par le jury disciplinaire de la Conf\u00e9d\u00e9ration africaine de football (CAF). Dans son communiqu\u00e9, l\u2019instance fa\u00eeti\u00e8re du football s\u00e9n\u00e9galais pr\u00e9cise qu\u2019\u00ab apr\u00e8s analyse de ladite d\u00e9cision \u00bb, elle a inform\u00e9 &hellip;<\/p>\n","protected":false},"author":1,"featured_media":0,"comment_status":"closed","ping_status":"closed","sticky":false,"template":"","format":"standard","meta":{"footnotes":""},"categories":[2],"tags":[22],"_links":{"self":[{"href":"https:\/\/sn.ambaguinee.org\/index.php?rest_route=\/wp\/v2\/posts\/92602"}],"collection":[{"href":"https:\/\/sn.ambaguinee.org\/index.php?rest_route=\/wp\/v2\/posts"}],"about":[{"href":"https:\/\/sn.ambaguinee.org\/index.php?rest_route=\/wp\/v2\/types\/post"}],"author":[{"embeddable":true,"href":"https:\/\/sn.ambaguinee.org\/index.php?rest_route=\/wp\/v2\/users\/1"}],"replies":[{"embeddable":true,"href":"https:\/\/sn.ambaguinee.org\/index.php?rest_route=%2Fwp%2Fv2%2Fcomments&post=92602"}],"version-history":[{"count":0,"href":"https:\/\/sn.ambaguinee.org\/index.php?rest_route=\/wp\/v2\/posts\/92602\/revisions"}],"wp:attachment":[{"href":"https:\/\/sn.ambaguinee.org\/index.php?rest_route=%2Fwp%2Fv2%2Fmedia&parent=92602"}],"wp:term":[{"taxonomy":"category","embeddable":true,"href":"https:\/\/sn.ambaguinee.org\/index.php?rest_route=%2Fwp%2Fv2%2Fcategories&post=92602"},{"taxonomy":"post_tag","embeddable":true,"href":"https:\/\/sn.ambaguinee.org\/index.php?rest_route=%2Fwp%2Fv2%2Ftags&post=92602"}],"curies":[{"name":"wp","href":"https:\/\/api.w.org\/{rel}","templated":true}]}}