{"id":92768,"date":"2026-02-03T01:18:43","date_gmt":"2026-02-03T00:18:43","guid":{"rendered":"https:\/\/sn.ambaguinee.org\/?p=92768"},"modified":"2026-02-03T01:18:43","modified_gmt":"2026-02-03T00:18:43","slug":"musique-nakany-kante-signe-son-grand-retour","status":"publish","type":"post","link":"https:\/\/sn.ambaguinee.org\/?p=92768","title":{"rendered":"Musique : Nakany Kant\u00e9 signe son grand \u00ab\u00a0retour\u00a0\u00bb"},"content":{"rendered":"<div>\n<div style=\"margin-bottom:20px;\"><img width=\"2560\" height=\"1153\"src=\"https:\/\/i0.wp.com\/www.guinee7.com\/wp-content\/uploads\/2026\/02\/IMG_20260202_115757-scaled.jpg?w=2560&amp;ssl=1\" class=\"attachment-post-thumbnail size-post-thumbnail wp-post-image\" alt=\"\" decoding=\"async\" loading=\"lazy\" srcset=\"https:\/\/i0.wp.com\/www.guinee7.com\/wp-content\/uploads\/2026\/02\/IMG_20260202_115757-scaled.jpg?w=2560&amp;ssl=1 2560w, https:\/\/i0.wp.com\/www.guinee7.com\/wp-content\/uploads\/2026\/02\/IMG_20260202_115757-scaled.jpg?resize=300%2C135&amp;ssl=1 300w, https:\/\/i0.wp.com\/www.guinee7.com\/wp-content\/uploads\/2026\/02\/IMG_20260202_115757-scaled.jpg?resize=1024%2C461&amp;ssl=1 1024w, https:\/\/i0.wp.com\/www.guinee7.com\/wp-content\/uploads\/2026\/02\/IMG_20260202_115757-scaled.jpg?resize=768%2C346&amp;ssl=1 768w, https:\/\/i0.wp.com\/www.guinee7.com\/wp-content\/uploads\/2026\/02\/IMG_20260202_115757-scaled.jpg?resize=1536%2C692&amp;ssl=1 1536w, https:\/\/i0.wp.com\/www.guinee7.com\/wp-content\/uploads\/2026\/02\/IMG_20260202_115757-scaled.jpg?resize=2048%2C922&amp;ssl=1 2048w, https:\/\/i0.wp.com\/www.guinee7.com\/wp-content\/uploads\/2026\/02\/IMG_20260202_115757-scaled.jpg?w=2340&amp;ssl=1 2340w\" sizes=\"auto, (max-width: 2560px) 100vw, 2560px\"><\/div>\n<p>L\u2019artiste guin\u00e9enne Nakany Kant\u00e9 sera sur sc\u00e8ne le vendredi 6 f\u00e9vrier prochain au Chapiteau By Issa de Conakry, \u00e0 l\u2019occasion de la sortie officielle de son nouvel album intitul\u00e9 \u00ab Le Retour \u00bb. L\u2019annonce a \u00e9t\u00e9 faite lors d\u2019une rencontre avec la presse, organis\u00e9e en pr\u00e9sence de l\u2019artiste, de son \u00e9quipe manag\u00e9riale et des acteurs impliqu\u00e9s dans l\u2019organisation du spectacle.<\/p>\n<p>\u00a0<\/p>\n<p>Compos\u00e9 de 13 titres, l\u2019album \u00ab Le Retour \u00bb marque une \u00e9tape importante dans la carri\u00e8re de Nakany Kant\u00e9. Le projet inclut plusieurs collaborations, notamment avec Koury Simpl\u00e9 et Kougouri, et symbolise le retour affirm\u00e9 de l\u2019artiste sur la sc\u00e8ne musicale guin\u00e9enne. \u00c0 travers cet opus, elle promet d\u00e9sormais plus de r\u00e9gularit\u00e9 \u00e0 ses fans.<\/p>\n<p><img data-recalc-dims=\"1\" loading=\"lazy\" decoding=\"async\" class=\"aligncenter size-medium wp-image-126187\"src=\"https:\/\/i0.wp.com\/www.guinee7.com\/wp-content\/uploads\/2026\/02\/IMG_20260202_115853-1-scaled.jpg?w=2340&amp;ssl=1\" alt=\"\" width=\"300\" height=\"135\" srcset=\"https:\/\/i0.wp.com\/www.guinee7.com\/wp-content\/uploads\/2026\/02\/IMG_20260202_115853-1-scaled.jpg?resize=300%2C135&amp;ssl=1 300w, https:\/\/i0.wp.com\/www.guinee7.com\/wp-content\/uploads\/2026\/02\/IMG_20260202_115853-1-scaled.jpg?resize=1024%2C461&amp;ssl=1 1024w, https:\/\/i0.wp.com\/www.guinee7.com\/wp-content\/uploads\/2026\/02\/IMG_20260202_115853-1-scaled.jpg?resize=768%2C346&amp;ssl=1 768w, https:\/\/i0.wp.com\/www.guinee7.com\/wp-content\/uploads\/2026\/02\/IMG_20260202_115853-1-scaled.jpg?resize=1536%2C692&amp;ssl=1 1536w, https:\/\/i0.wp.com\/www.guinee7.com\/wp-content\/uploads\/2026\/02\/IMG_20260202_115853-1-scaled.jpg?resize=2048%2C922&amp;ssl=1 2048w, https:\/\/i0.wp.com\/www.guinee7.com\/wp-content\/uploads\/2026\/02\/IMG_20260202_115853-1-scaled.jpg?w=2340&amp;ssl=1 2340w\" sizes=\"auto, (max-width: 300px) 100vw, 300px\"><\/p>\n<p>Sur le plan artistique, l\u2019album aborde des th\u00e9matiques universelles de la vie, telles que l\u2019amour, la reconnaissance et d\u2019autres r\u00e9alit\u00e9s du quotidien, dans un registre fid\u00e8le \u00e0 l\u2019identit\u00e9 musicale de la chanteuse.<\/p>\n<p>\u00a0<\/p>\n<p>Du c\u00f4t\u00e9 de l\u2019organisation, les assurances ont \u00e9t\u00e9 donn\u00e9es quant au bon d\u00e9roulement du concert. Selon Lassin\u00e9 Kon\u00e9, chef de projet de l\u2019\u00e9v\u00e9nement, toutes les dispositions n\u00e9cessaires ont \u00e9t\u00e9 prises. \u00ab L\u2019\u00e9v\u00e9nement du 6 f\u00e9vrier est bien encadr\u00e9. De la composition de l\u2019\u00e9quipe au metteur en sc\u00e8ne, en passant par le dispositif s\u00e9curitaire, tout est mis en place pour assurer un concert r\u00e9ussi \u00bb, a-t-il pr\u00e9cis\u00e9.<\/p>\n<p>\u00a0<\/p>\n<p>Prenant la parole devant les journalistes, Nakany Kant\u00e9 a exprim\u00e9 sa gratitude et est revenue sur son parcours, marqu\u00e9 par des hauts et des bas, entre la Guin\u00e9e et l\u2019Espagne, o\u00f9 elle a d\u00e9but\u00e9 sa carri\u00e8re : \u00ab je suis tr\u00e8s heureuse de vous voir nombreux ici aujourd\u2019hui autour de moi, avec toutes ces artistes. Le destin est in\u00e9vitable. C\u2019est Dieu qui m\u2019a donn\u00e9 l\u2019amour de la Guin\u00e9e. Depuis que je suis all\u00e9e en Espagne o\u00f9 j\u2019ai d\u00e9but\u00e9 ma carri\u00e8re, je me suis dit que quelque soit mon talent hors de mon pays, tant que je ne retourne pas au bercail, je ne suis pas encore compl\u00e8te, chose qui m\u2019a envoy\u00e9 en Guin\u00e9e. Par la gr\u00e2ce de Dieu, les guin\u00e9ens aussi m\u2019ont accueilli \u00e0 bras ouvert. \u00c7a n\u2019a pas \u00e9t\u00e9 facile pour moi, mais avec beaucoup de travail, je peux dire aujourd\u2019hui Dieu merci. A chaque fois que je sors un album en Guin\u00e9e, je fais pareil en Espagne aussi, parce que musicalement ce n\u2019est pas la m\u00eame chose. Comme le nom de mon nouveau album l\u2019indique \u00ab\u00a0Le retour \u00ab\u00a0, c\u2019est un projet qui me tiens beaucoup \u00e0 c\u0153ur, \u00e7a fait un an et quelques nous sommes la dessus, on travail jour et nuit avec mon \u00e9quipe. Si on est l\u00e0 aujourd\u2019hui, c\u2019est gr\u00e2ce \u00e0 l\u2019efforts collectif, y compris vous les m\u00e9dias, je vous remercie infiniment. J\u2019invite tout le monde le 6 f\u00e9vrier pour venir me regarder sur sc\u00e8ne. \u00bb<\/p>\n<p><img data-recalc-dims=\"1\" loading=\"lazy\" decoding=\"async\" class=\"aligncenter size-medium wp-image-126188\"src=\"https:\/\/i0.wp.com\/www.guinee7.com\/wp-content\/uploads\/2026\/02\/IMG_20260202_133433-1-scaled.jpg?w=2340&amp;ssl=1\" alt=\"\" width=\"300\" height=\"135\" srcset=\"https:\/\/i0.wp.com\/www.guinee7.com\/wp-content\/uploads\/2026\/02\/IMG_20260202_133433-1-scaled.jpg?resize=300%2C135&amp;ssl=1 300w, https:\/\/i0.wp.com\/www.guinee7.com\/wp-content\/uploads\/2026\/02\/IMG_20260202_133433-1-scaled.jpg?resize=1024%2C461&amp;ssl=1 1024w, https:\/\/i0.wp.com\/www.guinee7.com\/wp-content\/uploads\/2026\/02\/IMG_20260202_133433-1-scaled.jpg?resize=768%2C346&amp;ssl=1 768w, https:\/\/i0.wp.com\/www.guinee7.com\/wp-content\/uploads\/2026\/02\/IMG_20260202_133433-1-scaled.jpg?resize=1536%2C692&amp;ssl=1 1536w, https:\/\/i0.wp.com\/www.guinee7.com\/wp-content\/uploads\/2026\/02\/IMG_20260202_133433-1-scaled.jpg?resize=2048%2C922&amp;ssl=1 2048w, https:\/\/i0.wp.com\/www.guinee7.com\/wp-content\/uploads\/2026\/02\/IMG_20260202_133433-1-scaled.jpg?w=2340&amp;ssl=1 2340w\" sizes=\"auto, (max-width: 300px) 100vw, 300px\"><\/p>\n<p>Abordant ensuite les difficult\u00e9s rencontr\u00e9es au cours de sa carri\u00e8re, Nakany Kant\u00e9 est revenue sur son absence prolong\u00e9e de la sc\u00e8ne guin\u00e9enne, \u00e9voquant \u00e0 la fois des raisons personnelles, professionnelles et les cons\u00e9quences de la pand\u00e9mie de Covid-19 : \u00ab avant je n\u2019\u00e9tais pas bien entour\u00e9e en Guin\u00e9e. Mais aujourd\u2019hui, Alhamdoulilaye je suis tr\u00e8s bien entour\u00e9e, avec une \u00e9quipe dynamique. C\u2019est vrais que je me suis absent\u00e9e sur la sc\u00e8ne pendant un temps, mais je ne serai jamais effacer dans la musique guin\u00e9enne. Mon absence sur sc\u00e8ne s\u2019explique aussi par la maternit\u00e9. Au moment du Corona virus, quand j\u2019ai mis tout mon efforts, beaucoup d\u2019argent dans mon album de Conakry \u00e0 Barcelone qui a \u00e9t\u00e9 finalement annul\u00e9 \u00e0 cause de la pand\u00e9mie, cela m\u2019a beaucoup traumatis\u00e9, parce que j\u2019avais tellement d\u2019objectifs, tellement de concerts\u2026mais tout ce que Dieu fait est bon. \u00bb<\/p>\n<p>\u00a0<\/p>\n<p>Avec ce concert du 6 f\u00e9vrier, Nakany Kant\u00e9 entend non seulement c\u00e9l\u00e9brer son retour, mais aussi renouer durablement avec son public guin\u00e9en, dans un spectacle qui s\u2019annonce riche en \u00e9motions.<\/p>\n<p>\u00a0<\/p>\n<p><strong>Abdoul Lory Sylla pour guinee7.com\u00a0<\/strong><\/p>\n<p>L\u2019article <a href=\"https:\/\/www.guinee7.com\/2026\/02\/02\/musique-nakany-kante-signe-son-grand-retour\/\">Musique : Nakany Kant\u00e9 signe son grand \u00ab\u00a0retour\u00a0\u00bb<\/a> est apparu en premier sur <a href=\"https:\/\/www.guinee7.com\/\">Guinee7.com<\/a>.<\/p>\n<\/div>\n","protected":false},"excerpt":{"rendered":"<p>L\u2019artiste guin\u00e9enne Nakany Kant\u00e9 sera sur sc\u00e8ne le vendredi 6 f\u00e9vrier prochain au Chapiteau By Issa de Conakry, \u00e0 l\u2019occasion de la sortie officielle de son nouvel album intitul\u00e9 \u00ab Le Retour \u00bb. L\u2019annonce a \u00e9t\u00e9 faite lors d\u2019une rencontre avec la presse, organis\u00e9e en pr\u00e9sence de l\u2019artiste, de son \u00e9quipe manag\u00e9riale et des acteurs &hellip;<\/p>\n","protected":false},"author":1,"featured_media":0,"comment_status":"closed","ping_status":"closed","sticky":false,"template":"","format":"standard","meta":{"footnotes":""},"categories":[2],"tags":[22],"_links":{"self":[{"href":"https:\/\/sn.ambaguinee.org\/index.php?rest_route=\/wp\/v2\/posts\/92768"}],"collection":[{"href":"https:\/\/sn.ambaguinee.org\/index.php?rest_route=\/wp\/v2\/posts"}],"about":[{"href":"https:\/\/sn.ambaguinee.org\/index.php?rest_route=\/wp\/v2\/types\/post"}],"author":[{"embeddable":true,"href":"https:\/\/sn.ambaguinee.org\/index.php?rest_route=\/wp\/v2\/users\/1"}],"replies":[{"embeddable":true,"href":"https:\/\/sn.ambaguinee.org\/index.php?rest_route=%2Fwp%2Fv2%2Fcomments&post=92768"}],"version-history":[{"count":0,"href":"https:\/\/sn.ambaguinee.org\/index.php?rest_route=\/wp\/v2\/posts\/92768\/revisions"}],"wp:attachment":[{"href":"https:\/\/sn.ambaguinee.org\/index.php?rest_route=%2Fwp%2Fv2%2Fmedia&parent=92768"}],"wp:term":[{"taxonomy":"category","embeddable":true,"href":"https:\/\/sn.ambaguinee.org\/index.php?rest_route=%2Fwp%2Fv2%2Fcategories&post=92768"},{"taxonomy":"post_tag","embeddable":true,"href":"https:\/\/sn.ambaguinee.org\/index.php?rest_route=%2Fwp%2Fv2%2Ftags&post=92768"}],"curies":[{"name":"wp","href":"https:\/\/api.w.org\/{rel}","templated":true}]}}