{"id":92769,"date":"2026-02-03T01:18:43","date_gmt":"2026-02-03T00:18:43","guid":{"rendered":"https:\/\/sn.ambaguinee.org\/?p=92769"},"modified":"2026-02-03T01:18:43","modified_gmt":"2026-02-03T00:18:43","slug":"nouveau-gouvernemental-voici-la-liste-complete-des-nouveaux-ministres-nommes","status":"publish","type":"post","link":"https:\/\/sn.ambaguinee.org\/?p=92769","title":{"rendered":"Nouveau gouvernemental : voici la liste compl\u00e8te des nouveaux ministres nomm\u00e9s"},"content":{"rendered":"<div>\n<div style=\"margin-bottom:20px;\"><img width=\"700\" height=\"608\"src=\"https:\/\/i0.wp.com\/www.guinee7.com\/wp-content\/uploads\/2025\/10\/General-Mamadi-Doumbouya.jpg?w=700&amp;ssl=1\" class=\"attachment-post-thumbnail size-post-thumbnail wp-post-image\" alt=\"\" decoding=\"async\" srcset=\"https:\/\/i0.wp.com\/www.guinee7.com\/wp-content\/uploads\/2025\/10\/General-Mamadi-Doumbouya.jpg?w=700&amp;ssl=1 700w, https:\/\/i0.wp.com\/www.guinee7.com\/wp-content\/uploads\/2025\/10\/General-Mamadi-Doumbouya.jpg?resize=300%2C261&amp;ssl=1 300w\" sizes=\"(max-width: 700px) 100vw, 700px\"><\/div>\n<p><span style=\"font-size: 19px;\">\u00c0 travers une s\u00e9rie de d\u00e9crets rendus publics ce lundi 02 f\u00e9vrier 2026 \u00e0 la t\u00e9l\u00e9vision nationale, le Pr\u00e9sident de la R\u00e9publique, le G\u00e9n\u00e9ral Mamadi Doumbouya, a proc\u00e9d\u00e9 \u00e0 une importante r\u00e9organisation de l\u2019\u00e9quip<\/span><span style=\"font-size: 19px;\"><b>e gouvernement<\/b><\/span><span style=\"font-size: 19px;\">ale, marqu\u00e9e par la nomination de plusieurs ministres \u00e0 des postes cl\u00e9s.<\/span><\/p>\n<p><strong><span style=\"font-size: 19px;\">Les personnalit\u00e9s nomm\u00e9es sont les suivantes :<\/span><\/strong><\/p>\n<p><span style=\"font-size: 19px;\">Garde des Sceaux, ministre de la Justice et des Droits de l\u2019Homme : Monsieur Ibrahima Sory de Tounkara<\/span><\/p>\n<p><span style=\"font-size: 19px;\">Ministre de l\u2019Administration du Territoire et de la D\u00e9centralisation : Monsieur Ibrahima Khalil Cond\u00e9<\/span><\/p>\n<p><span style=\"font-size: 19px;\">Ministre de la S\u00e9curit\u00e9 et de la Protection civile : G\u00e9n\u00e9ral Ahmed Mohamed Oury Diallo<\/span><\/p>\n<p><span style=\"font-size: 19px;\">Ministre des Affaires \u00e9trang\u00e8res, de l\u2019Int\u00e9gration africaine et des Guin\u00e9ens \u00e9tablis \u00e0 l\u2019\u00e9tranger : Dr Morissanda Kouyat\u00e9<\/span><\/p>\n<p><span style=\"font-size: 19px;\">Ministre de l\u2019\u00c9conomie, des Finances et du Budget : Madame Mariama Cir\u00e9 Sylla<\/span><\/p>\n<p><span style=\"font-size: 19px;\">Ministre des Mines et de la G\u00e9ologie : Monsieur Bouna Sylla<\/span><\/p>\n<p><span style=\"font-size: 19px;\">Ministre de l\u2019\u00c9levage : Monsieur F\u00e9lix Lama<\/span><\/p>\n<p><span style=\"font-size: 19px;\">Ministre de la P\u00eache et de l\u2019\u00c9conomie maritime : Monsieur Fassou Th\u00e9a<\/span><\/p>\n<p><span style=\"font-size: 19px;\">Ministre de l\u2019Enseignement sup\u00e9rieur et de la Recherche scientifique : Dr Yaka Sidib\u00e9<\/span><\/p>\n<p><span style=\"font-size: 19px;\">Ministre de l\u2019\u00c9ducation nationale, de l\u2019Alphab\u00e9tisation, de l\u2019Enseignement technique et de la Formation professionnelle : Monsieur Alpha Bakar Barry<\/span><\/p>\n<p><span style=\"font-size: 19px;\">Ministre de la Culture, du Tourisme et de l\u2019Artisanat : Monsieur Moussa Mo\u00efse Sylla<\/span><\/p>\n<p><span style=\"font-size: 19px;\">Ministre de la Sant\u00e9 et de l\u2019Hygi\u00e8ne publique : Madame Ka\u00eft\u00e9 Sall<\/span><\/p>\n<p><span style=\"font-size: 19px;\">Ministre de la Femme, de la Famille et de la Solidarit\u00e9 : Madame Patricia Adeline Lama<\/span><\/p>\n<p><span style=\"font-size: 19px;\">Ministre de la Jeunesse et des Sports : Monsieur Celou Bald\u00e9<\/span><br \/><span style=\"font-size: 19px;\">Ministre des Infrastructures : Monsieur Fasinet Sylla<\/span><\/p>\n<p><span style=\"font-size: 19px;\">Ministre des Transports, Porte-parole du Gouvernement : Monsieur Ousmane Gaoual Diallo<\/span><\/p>\n<p><span style=\"font-size: 19px;\">Ministre de la Communication, de l\u2019\u00c9conomie num\u00e9rique et de l\u2019Innovation : Monsieur Mourana Souma<\/span><\/p>\n<p><span style=\"font-size: 19px;\">Ministre de l\u2019Environnement et du D\u00e9veloppement durable, Porte-parole adjointe du Gouvernement : Madame Djamy Diallo<\/span><\/p>\n<p><span style=\"font-size: 19px;\">Secr\u00e9taire g\u00e9n\u00e9ral du Gouvernement, avec rang de ministre : Monsieur Tamba Benoit Kamano<\/span><\/p>\n<p><span style=\"font-size: 19px;\">Secr\u00e9taire g\u00e9n\u00e9ral des Affaires religieuses, avec rang de ministre : Elhadj Karamoh Diawara<\/span><\/p>\n<p><strong><span style=\"font-size: 19px;\">Ibrahima Sory Diallo pour Guinee7.com\u00a0<\/span><\/strong><!--\/data\/user\/0\/com.samsung.android.app.notes\/files\/clipdata\/clipdata_bodytext_260202_210741_098.sdocx--><\/p>\n<p>L\u2019article <a href=\"https:\/\/www.guinee7.com\/2026\/02\/02\/nouveau-gouvernemental-voici-la-liste-complete-des-nouveaux-ministres-nommes\/\">Nouveau gouvernemental : voici la liste compl\u00e8te des nouveaux ministres nomm\u00e9s<\/a> est apparu en premier sur <a href=\"https:\/\/www.guinee7.com\/\">Guinee7.com<\/a>.<\/p>\n<\/div>\n","protected":false},"excerpt":{"rendered":"<p>\u00c0 travers une s\u00e9rie de d\u00e9crets rendus publics ce lundi 02 f\u00e9vrier 2026 \u00e0 la t\u00e9l\u00e9vision nationale, le Pr\u00e9sident de la R\u00e9publique, le G\u00e9n\u00e9ral Mamadi Doumbouya, a proc\u00e9d\u00e9 \u00e0 une importante r\u00e9organisation de l\u2019\u00e9quipe gouvernementale, marqu\u00e9e par la nomination de plusieurs ministres \u00e0 des postes cl\u00e9s. Les personnalit\u00e9s nomm\u00e9es sont les suivantes : Garde des &hellip;<\/p>\n","protected":false},"author":1,"featured_media":0,"comment_status":"closed","ping_status":"closed","sticky":false,"template":"","format":"standard","meta":{"footnotes":""},"categories":[2],"tags":[22],"_links":{"self":[{"href":"https:\/\/sn.ambaguinee.org\/index.php?rest_route=\/wp\/v2\/posts\/92769"}],"collection":[{"href":"https:\/\/sn.ambaguinee.org\/index.php?rest_route=\/wp\/v2\/posts"}],"about":[{"href":"https:\/\/sn.ambaguinee.org\/index.php?rest_route=\/wp\/v2\/types\/post"}],"author":[{"embeddable":true,"href":"https:\/\/sn.ambaguinee.org\/index.php?rest_route=\/wp\/v2\/users\/1"}],"replies":[{"embeddable":true,"href":"https:\/\/sn.ambaguinee.org\/index.php?rest_route=%2Fwp%2Fv2%2Fcomments&post=92769"}],"version-history":[{"count":0,"href":"https:\/\/sn.ambaguinee.org\/index.php?rest_route=\/wp\/v2\/posts\/92769\/revisions"}],"wp:attachment":[{"href":"https:\/\/sn.ambaguinee.org\/index.php?rest_route=%2Fwp%2Fv2%2Fmedia&parent=92769"}],"wp:term":[{"taxonomy":"category","embeddable":true,"href":"https:\/\/sn.ambaguinee.org\/index.php?rest_route=%2Fwp%2Fv2%2Fcategories&post=92769"},{"taxonomy":"post_tag","embeddable":true,"href":"https:\/\/sn.ambaguinee.org\/index.php?rest_route=%2Fwp%2Fv2%2Ftags&post=92769"}],"curies":[{"name":"wp","href":"https:\/\/api.w.org\/{rel}","templated":true}]}}