{"id":92817,"date":"2026-02-04T00:00:41","date_gmt":"2026-02-03T23:00:41","guid":{"rendered":"https:\/\/sn.ambaguinee.org\/?p=92817"},"modified":"2026-02-04T00:00:41","modified_gmt":"2026-02-03T23:00:41","slug":"ministere-des-sports-cellou-balde-remplace-keamou-bogola-haba-decret","status":"publish","type":"post","link":"https:\/\/sn.ambaguinee.org\/?p=92817","title":{"rendered":"Minist\u00e8re des Sports : Cellou Bald\u00e9 remplace Keamou Bogola Haba (d\u00e9cret)"},"content":{"rendered":"<div>\n<p>Un d\u00e9cret lu sur les antennes de la t\u00e9l\u00e9vision nationale (RTG), dans la soir\u00e9e de ce lundi 02 f\u00e9vrier, annonce la nomination de Mamadou Cellou Bald\u00e9 au poste de Ministre de la Jeunesse et des Sports, en remplacement de Keamou Bogola Haba, qui occupait jusque-l\u00e0 le poste de Ministre des Sports.<\/p>\n<p>Apr\u00e8s sa nomination au poste de Ministre de la Jeunesse et des Sports, Cellou Bald\u00e9 a adress\u00e9 ses remerciements au Pr\u00e9sident Mamadi Doumbouya.<\/p>\n<p>\u00ab\u00a0Je tiens \u00e0 exprimer ma profonde gratitude \u00e0 Son \ud835\udc04\ud835\udc31\ud835\udc1c\ud835\udc1e\ud835\udc25\ud835\udc25\ud835\udc1e\ud835\udc27\ud835\udc1c\ud835\udc1e \ud835\udc25\ud835\udc1e \ud835\udc0f\ud835\udc2b\u00e9\ud835\udc2c\ud835\udc22\ud835\udc1d\ud835\udc1e\ud835\udc27\ud835\udc2d \ud835\udc1d\ud835\udc1e \ud835\udc25\ud835\udc1a \ud835\udc11\u00e9\ud835\udc29\ud835\udc2e\ud835\udc1b\ud835\udc25\ud835\udc22\ud835\udc2a\ud835\udc2e\ud835\udc1e, \ud835\udc0c\ud835\udc28\ud835\udc27\ud835\udc2c\ud835\udc22\ud835\udc1e\ud835\udc2e\ud835\udc2b \ud835\udc0c\ud835\udc1a\ud835\udc26\ud835\udc1a\ud835\udc1d\ud835\udc22 \ud835\udc03\ud835\udc28\ud835\udc2e\ud835\udc26\ud835\udc1b\ud835\udc28\ud835\udc2e\ud835\udc32\ud835\udc1a, pour la confiance renouvel\u00e9e qu\u2019il m\u2019a accord\u00e9e en me nommant \ud835\udc0c\ud835\udc22\ud835\udc27\ud835\udc22\ud835\udc2c\ud835\udc2d\ud835\udc2b\ud835\udc1e \ud835\udc1d\ud835\udc1e \ud835\udc25\ud835\udc1a \ud835\udc09\ud835\udc1e\ud835\udc2e\ud835\udc27\ud835\udc1e\ud835\udc2c\ud835\udc2c\ud835\udc1e \ud835\udc1e\ud835\udc2d \ud835\udc1d\ud835\udc1e\ud835\udc2c \ud835\udc12\ud835\udc29\ud835\udc28\ud835\udc2b\ud835\udc2d\ud835\udc2c. J\u2019adresse \u00e9galement mes sinc\u00e8res remerciements \u00e0 \ud835\udc0c\ud835\udc28\ud835\udc27\ud835\udc2c\ud835\udc22\ud835\udc1e\ud835\udc2e\ud835\udc2b \ud835\udc25\ud835\udc1e \ud835\udc0f\ud835\udc2b\ud835\udc1e\ud835\udc26\ud835\udc22\ud835\udc1e\ud835\udc2b \ud835\udc0c\ud835\udc22\ud835\udc27\ud835\udc22\ud835\udc2c\ud835\udc2d\ud835\udc2b\ud835\udc1e, \ud835\udc02\ud835\udc21\ud835\udc1e\ud835\udc1f \ud835\udc1d\ud835\udc2e \ud835\udc06\ud835\udc28\ud835\udc2e\ud835\udc2f\ud835\udc1e\ud835\udc2b\ud835\udc27\ud835\udc1e\ud835\udc26\ud835\udc1e\ud835\udc27\ud835\udc2d, \ud835\udc00\ud835\udc26\ud835\udc1a\ud835\udc1d\ud835\udc28\ud835\udc2e \ud835\udc0e\ud835\udc2e\ud835\udc2b\ud835\udc32 \ud835\udc01\ud835\udc1a\ud835\udc21. pour avoir propos\u00e9 ma nomination \u00e0 cette haute fonction\u00a0\u00bb.<\/p>\n<p>Et d\u2019ajouter : \u00ab\u00a0Je saisis cette occasion pour r\u00e9it\u00e9rer au Pr\u00e9sident de la R\u00e9publique ma loyaut\u00e9 et mon engagement total \u00e0 \u0153uvrer sans rel\u00e2che \u00e0 la concr\u00e9tisation de sa vision pour la jeunesse et le d\u00e9veloppement du sport dans notre pays. La jeunesse constitue la force et l\u2019avenir de la Nation, et le sport demeure un puissant levier de coh\u00e9sion, d\u2019\u00e9panouissement et de rayonnement national. Je tends la main \u00e0 l\u2019ensemble des cadres et travailleurs du \ud835\udc0c\ud835\udc22\ud835\udc27\ud835\udc22\ud835\udc2c\ud835\udc2d\ud835\udc2b\ud835\udc1e \ud835\udc1d\ud835\udc1e \ud835\udc25\ud835\udc1a \ud835\udc09\ud835\udc1e\ud835\udc2e\ud835\udc27\ud835\udc1e\ud835\udc2c\ud835\udc2c\ud835\udc1e \ud835\udc1e\ud835\udc2d \ud835\udc1d\ud835\udc1e\ud835\udc2c \ud835\udc12\ud835\udc29\ud835\udc28\ud835\udc2b\ud835\udc2d\ud835\udc2c, \u00e0 nos partenaires, aux dirigeants des f\u00e9d\u00e9rations sportives, ainsi qu\u2019au \ud835\udc02\ud835\udc28\ud835\udc26\ud835\udc22\ud835\udc2d\ud835\udc1e\u0301 \ud835\udc0d\ud835\udc1a\ud835\udc2d\ud835\udc22\ud835\udc28\ud835\udc27\ud835\udc1a\ud835\udc25 \ud835\udc0e\ud835\udc25\ud835\udc32\ud835\udc26\ud835\udc29\ud835\udc22\ud835\udc2a\ud835\udc2e\ud835\udc1e \ud835\udc1e\ud835\udc2d \ud835\udc12\ud835\udc29\ud835\udc28\ud835\udc2b\ud835\udc2d\ud835\udc22\ud835\udc1f, afin que, dans un esprit d\u2019unit\u00e9 et de responsabilit\u00e9 partag\u00e9e, nous unissions nos efforts pour le renouveau et le \ud835\udc2b\ud835\udc1a\ud835\udc32\ud835\udc28\ud835\udc27\ud835\udc27\ud835\udc1e\ud835\udc26\ud835\udc1e\ud835\udc27\ud835\udc2d \ud835\udc1d\ud835\udc1e \ud835\udc25\ud835\udc1a \ud835\udc23\ud835\udc1e\ud835\udc2e\ud835\udc27\ud835\udc1e\ud835\udc2c\ud835\udc2c\ud835\udc1e \ud835\udc1e\ud835\udc2d \ud835\udc1d\ud835\udc2e \ud835\udc2c\ud835\udc29\ud835\udc28\ud835\udc2b\ud835\udc2d \ud835\udc1e\ud835\udc27 \ud835\udc06\ud835\udc2e\ud835\udc22\ud835\udc27\u00e9\ud835\udc1e\u00a0\u00bb.<\/p>\n<p>Mamadou Cellou Bald\u00e9, ancien haut responsable de l\u2019UFDG, avait fait all\u00e9geance au CNRD dans un pass\u00e9 r\u00e9cent.<\/p>\n<p>Ce qui lui avait permis d\u2019occuper le poste de Ministre de la Jeunesse, avant l\u2019\u00e9lection pr\u00e9sidentielle qui a port\u00e9 au pouvoir le G\u00e9n\u00e9ral Mamadi Doumbouya au mois de d\u00e9cembre dernier.<\/p>\n<p><strong>MBB<\/strong><\/p>\n<p><img data-recalc-dims=\"1\" fetchpriority=\"high\" decoding=\"async\" data-attachment-id=\"9529\" data-permalink=\"https:\/\/guineesports.net\/2026\/02\/02\/ministere-des-sports-cellou-balde-remplace-keamou-bogola-haba-decret\/fb_img_1770083325637\/\" data-orig-file=\"https:\/\/i0.wp.com\/guineesports.net\/wp-content\/uploads\/2026\/02\/FB_IMG_1770083325637.jpg?fit=1024%2C683&amp;ssl=1\" data-orig-size=\"1024,683\" data-comments-opened=\"0\" data-image-meta='{\"aperture\":\"0\",\"credit\":\"\",\"camera\":\"\",\"caption\":\"\",\"created_timestamp\":\"0\",\"copyright\":\"\",\"focal_length\":\"0\",\"iso\":\"0\",\"shutter_speed\":\"0\",\"title\":\"\",\"orientation\":\"0\"}' data-image-title=\"FB_IMG_1770083325637\" data-image-description=\"\" data-image-caption=\"\" data-medium-file=\"https:\/\/i0.wp.com\/guineesports.net\/wp-content\/uploads\/2026\/02\/FB_IMG_1770083325637.jpg?fit=300%2C200&amp;ssl=1\" data-large-file=\"https:\/\/i0.wp.com\/guineesports.net\/wp-content\/uploads\/2026\/02\/FB_IMG_1770083325637.jpg?fit=696%2C464&amp;ssl=1\" class=\"alignnone size-medium wp-image-9529\"src=\"https:\/\/i0.wp.com\/guineesports.net\/wp-content\/uploads\/2026\/02\/FB_IMG_1770083325637.jpg?w=1024&amp;ssl=1\" alt=\"\" width=\"300\" height=\"200\" srcset=\"https:\/\/i0.wp.com\/guineesports.net\/wp-content\/uploads\/2026\/02\/FB_IMG_1770083325637.jpg?resize=300%2C200&amp;ssl=1 300w, https:\/\/i0.wp.com\/guineesports.net\/wp-content\/uploads\/2026\/02\/FB_IMG_1770083325637.jpg?resize=150%2C100&amp;ssl=1 150w, https:\/\/i0.wp.com\/guineesports.net\/wp-content\/uploads\/2026\/02\/FB_IMG_1770083325637.jpg?resize=768%2C512&amp;ssl=1 768w, https:\/\/i0.wp.com\/guineesports.net\/wp-content\/uploads\/2026\/02\/FB_IMG_1770083325637.jpg?resize=630%2C420&amp;ssl=1 630w, https:\/\/i0.wp.com\/guineesports.net\/wp-content\/uploads\/2026\/02\/FB_IMG_1770083325637.jpg?resize=600%2C400&amp;ssl=1 600w, https:\/\/i0.wp.com\/guineesports.net\/wp-content\/uploads\/2026\/02\/FB_IMG_1770083325637.jpg?resize=696%2C464&amp;ssl=1 696w, https:\/\/i0.wp.com\/guineesports.net\/wp-content\/uploads\/2026\/02\/FB_IMG_1770083325637.jpg?w=1024&amp;ssl=1 1024w\" sizes=\"(max-width: 300px) 100vw, 300px\"><\/p>\n<\/p>\n<\/div>\n","protected":false},"excerpt":{"rendered":"<p>Un d\u00e9cret lu sur les antennes de la t\u00e9l\u00e9vision nationale (RTG), dans la soir\u00e9e de ce lundi 02 f\u00e9vrier, annonce la nomination de Mamadou Cellou Bald\u00e9 au poste de Ministre de la Jeunesse et des Sports, en remplacement de Keamou Bogola Haba, qui occupait jusque-l\u00e0 le poste de Ministre des Sports. Apr\u00e8s sa nomination au &hellip;<\/p>\n","protected":false},"author":1,"featured_media":0,"comment_status":"closed","ping_status":"closed","sticky":false,"template":"","format":"standard","meta":{"footnotes":""},"categories":[4],"tags":[],"_links":{"self":[{"href":"https:\/\/sn.ambaguinee.org\/index.php?rest_route=\/wp\/v2\/posts\/92817"}],"collection":[{"href":"https:\/\/sn.ambaguinee.org\/index.php?rest_route=\/wp\/v2\/posts"}],"about":[{"href":"https:\/\/sn.ambaguinee.org\/index.php?rest_route=\/wp\/v2\/types\/post"}],"author":[{"embeddable":true,"href":"https:\/\/sn.ambaguinee.org\/index.php?rest_route=\/wp\/v2\/users\/1"}],"replies":[{"embeddable":true,"href":"https:\/\/sn.ambaguinee.org\/index.php?rest_route=%2Fwp%2Fv2%2Fcomments&post=92817"}],"version-history":[{"count":0,"href":"https:\/\/sn.ambaguinee.org\/index.php?rest_route=\/wp\/v2\/posts\/92817\/revisions"}],"wp:attachment":[{"href":"https:\/\/sn.ambaguinee.org\/index.php?rest_route=%2Fwp%2Fv2%2Fmedia&parent=92817"}],"wp:term":[{"taxonomy":"category","embeddable":true,"href":"https:\/\/sn.ambaguinee.org\/index.php?rest_route=%2Fwp%2Fv2%2Fcategories&post=92817"},{"taxonomy":"post_tag","embeddable":true,"href":"https:\/\/sn.ambaguinee.org\/index.php?rest_route=%2Fwp%2Fv2%2Ftags&post=92817"}],"curies":[{"name":"wp","href":"https:\/\/api.w.org\/{rel}","templated":true}]}}