{"id":92909,"date":"2026-02-04T23:26:20","date_gmt":"2026-02-04T22:26:20","guid":{"rendered":"https:\/\/sn.ambaguinee.org\/?p=92909"},"modified":"2026-02-04T23:26:20","modified_gmt":"2026-02-04T22:26:20","slug":"securite-ahmed-mohamed-oury-diallo-prend-fonction-et-fixe-la-ligne-de-conduite","status":"publish","type":"post","link":"https:\/\/sn.ambaguinee.org\/?p=92909","title":{"rendered":"S\u00e9curit\u00e9 : Ahmed Mohamed Oury Diallo prend fonction et fixe la ligne de conduite"},"content":{"rendered":"<div>\n<div style=\"margin-bottom:20px;\"><img width=\"1280\" height=\"720\"src=\"https:\/\/i0.wp.com\/www.guinee7.com\/wp-content\/uploads\/2026\/02\/IMG-20260204-WA0087.jpg?w=1280&amp;ssl=1\" class=\"attachment-post-thumbnail size-post-thumbnail wp-post-image\" alt=\"\" decoding=\"async\" loading=\"lazy\" srcset=\"https:\/\/i0.wp.com\/www.guinee7.com\/wp-content\/uploads\/2026\/02\/IMG-20260204-WA0087.jpg?w=1280&amp;ssl=1 1280w, https:\/\/i0.wp.com\/www.guinee7.com\/wp-content\/uploads\/2026\/02\/IMG-20260204-WA0087.jpg?resize=300%2C169&amp;ssl=1 300w, https:\/\/i0.wp.com\/www.guinee7.com\/wp-content\/uploads\/2026\/02\/IMG-20260204-WA0087.jpg?resize=1024%2C576&amp;ssl=1 1024w, https:\/\/i0.wp.com\/www.guinee7.com\/wp-content\/uploads\/2026\/02\/IMG-20260204-WA0087.jpg?resize=768%2C432&amp;ssl=1 768w\" sizes=\"auto, (max-width: 1280px) 100vw, 1280px\"><\/div>\n<p>Le minist\u00e8re de la S\u00e9curit\u00e9 et de la Protection civile a proc\u00e9d\u00e9, ce mercredi 4 f\u00e9vrier 2025 \u00e0 Col\u00e9ah (Matam), \u00e0 l\u2019installation officielle de son nouveau patron. Le G\u00e9n\u00e9ral Ahmed Mohamed Oury Diallo devient ainsi le tout premier ministre de ce d\u00e9partement sous la Ve R\u00e9publique.<\/p>\n<p>La c\u00e9r\u00e9monie de passation de service, pr\u00e9sid\u00e9e par le secr\u00e9taire g\u00e9n\u00e9ral du gouvernement, Tamba Benoit Kamano, s\u2019est tenue en pr\u00e9sence des membres du gouvernement ainsi que de hauts responsables s\u00e9curitaires. Le ministre sortant, Bachir Diallo, a transmis les charges \u00e0 son successeur dans un climat solennel.<\/p>\n<p>Apr\u00e8s plus de trois d\u00e9cennies pass\u00e9es au service de la s\u00e9curit\u00e9 et de la protection civile, Bachir Diallo a exprim\u00e9 sa reconnaissance au chef de l\u2019\u00c9tat : \u00ab permettez-moi d\u2019abord d\u2019adresser mes sinc\u00e8res et respectueuses reconnaissances \u00e0 Monsieur le Pr\u00e9sident de la R\u00e9publique, chef de l\u2019\u00c9tat, chef supr\u00eame des arm\u00e9es, Mamadi Toumbouya, qui m\u2019a donn\u00e9, qui m\u2019a apport\u00e9 l\u2019honneur singulier de servir notre pays en qualit\u00e9 de ministre de la s\u00e9curit\u00e9 et de la protection civile. Je lui resterai \u00e0 jamais reconnaissant. \u00bb<\/p>\n<p>Revenant sur son parcours, il a soulign\u00e9 sa conception de la responsabilit\u00e9 publique : \u00ab aujourd\u2019hui, comme tous mes pr\u00e9d\u00e9cesseurs, je rends ma copie et je suis heureux de n\u2019avoir pas rendu une copie vierge \u00e0 moiti\u00e9 remplie et surtout, je suis convaincu que je n\u2019ai pas trich\u00e9 et pour moi, c\u2019est ce qui est le plus important. \u00bb<\/p>\n<p>Le secr\u00e9taire g\u00e9n\u00e9ral du gouvernement a, pour sa part, pr\u00e9sent\u00e9 les documents encadrant la passation : \u00ab le proc\u00e8s-verbal de passation de charges comprend un certain nombre de documents. Ces documents sont la lettre de mission 2025 initialement adress\u00e9e au ministre de la Protection Civile et de la S\u00e9curit\u00e9, le budget allou\u00e9 \u00e0 la loi de finances initiale, et le budget du douzi\u00e8me provisoire qui a \u00e9t\u00e9 adopt\u00e9 en fin d\u2019ann\u00e9e derni\u00e8re. \u00bb<\/p>\n<p>Il a \u00e9galement remis au nouveau ministre les textes de r\u00e9f\u00e9rence avant de conclure : \u00ab vous avez \u00e9galement un recueil de textes sur le fonctionnement de l\u2019administration. Sur ces mots, est install\u00e9 officiellement Monsieur Ahmed Mohamed Oury Diallo en tant que ministre de la S\u00e9curit\u00e9 et de la Protection Civique du tout premier gouvernement de la Ve R\u00e9publique. \u00bb<\/p>\n<p>Prenant la parole, le ministre entrant a plac\u00e9 son mandat sous le signe de l\u2019humilit\u00e9, de la fermet\u00e9 et de la coh\u00e9sion des forces : \u00ab en ce moment solennel, je rends gr\u00e2ce \u00e0 Dieu, le cr\u00e9ateur de l\u2019univers et des \u00eatres, source de sagesse, de force et de justice. C\u2019est avec beaucoup d\u2019humilit\u00e9, foi et un sens \u00e9lev\u00e9 du devoir que j\u2019assume aujourd\u2019hui cette haute responsabilit\u00e9, pleinement conscient de l\u2019importance qu\u2019elle repr\u00e9sente pour la nation. \u00bb<\/p>\n<p>Il a insist\u00e9 sur la coordination entre les services et sur son style de gouvernance : \u00ab les forces de police, de protection civile et le renseignement int\u00e9rieur doivent agir dans la coh\u00e9sion, la compl\u00e9mentarit\u00e9 et la loyaut\u00e9 r\u00e9publicaine au service de la nation et des citoyens. Je serai indulgent, mais juste, disponible et ferme, ouvert au dialogue, tout en restant intransigeant sur les principes. \u00bb<\/p>\n<p>Enfin, Ahmed Mohamed Oury Diallo a fix\u00e9 les priorit\u00e9s de son action, notamment la modernisation et la formation, avant de lancer un message clair aux agents du d\u00e9partement : \u00ab mon action sera guid\u00e9e par trois priorit\u00e9s majeures : le renforcement des capacit\u00e9s op\u00e9rationnelles, la modernisation des outils et des m\u00e9thodes et surtout l\u2019intensification de la formation continue de nos femmes et de nos hommes. [\u2026] Il n\u2019y aura ni complaisance face \u00e0 l\u2019indiscipline, ni tol\u00e9rance pour l\u2019abus d\u2019autorit\u00e9, ni indulgence envers l\u2019inefficacit\u00e9. \u00bb<\/p>\n<p><strong>Abdoul Lory Sylla pour guinee7.com<\/strong> <!--\/data\/user\/0\/com.samsung.android.app.notes\/files\/clipdata\/clipdata_bodytext_260204_183130_377.sdocx--><\/p>\n<p>L\u2019article <a href=\"https:\/\/www.guinee7.com\/2026\/02\/04\/securite-ahmed-mohamed-oury-diallo-prend-fonction-et-fixe-la-ligne-de-conduite\/\">S\u00e9curit\u00e9 : Ahmed Mohamed Oury Diallo prend fonction et fixe la ligne de conduite<\/a> est apparu en premier sur <a href=\"https:\/\/www.guinee7.com\/\">Guinee7.com<\/a>.<\/p>\n<\/div>\n","protected":false},"excerpt":{"rendered":"<p>Le minist\u00e8re de la S\u00e9curit\u00e9 et de la Protection civile a proc\u00e9d\u00e9, ce mercredi 4 f\u00e9vrier 2025 \u00e0 Col\u00e9ah (Matam), \u00e0 l\u2019installation officielle de son nouveau patron. Le G\u00e9n\u00e9ral Ahmed Mohamed Oury Diallo devient ainsi le tout premier ministre de ce d\u00e9partement sous la Ve R\u00e9publique. La c\u00e9r\u00e9monie de passation de service, pr\u00e9sid\u00e9e par le &hellip;<\/p>\n","protected":false},"author":1,"featured_media":0,"comment_status":"closed","ping_status":"closed","sticky":false,"template":"","format":"standard","meta":{"footnotes":""},"categories":[2],"tags":[22],"_links":{"self":[{"href":"https:\/\/sn.ambaguinee.org\/index.php?rest_route=\/wp\/v2\/posts\/92909"}],"collection":[{"href":"https:\/\/sn.ambaguinee.org\/index.php?rest_route=\/wp\/v2\/posts"}],"about":[{"href":"https:\/\/sn.ambaguinee.org\/index.php?rest_route=\/wp\/v2\/types\/post"}],"author":[{"embeddable":true,"href":"https:\/\/sn.ambaguinee.org\/index.php?rest_route=\/wp\/v2\/users\/1"}],"replies":[{"embeddable":true,"href":"https:\/\/sn.ambaguinee.org\/index.php?rest_route=%2Fwp%2Fv2%2Fcomments&post=92909"}],"version-history":[{"count":0,"href":"https:\/\/sn.ambaguinee.org\/index.php?rest_route=\/wp\/v2\/posts\/92909\/revisions"}],"wp:attachment":[{"href":"https:\/\/sn.ambaguinee.org\/index.php?rest_route=%2Fwp%2Fv2%2Fmedia&parent=92909"}],"wp:term":[{"taxonomy":"category","embeddable":true,"href":"https:\/\/sn.ambaguinee.org\/index.php?rest_route=%2Fwp%2Fv2%2Fcategories&post=92909"},{"taxonomy":"post_tag","embeddable":true,"href":"https:\/\/sn.ambaguinee.org\/index.php?rest_route=%2Fwp%2Fv2%2Ftags&post=92909"}],"curies":[{"name":"wp","href":"https:\/\/api.w.org\/{rel}","templated":true}]}}