{"id":92911,"date":"2026-02-04T23:26:21","date_gmt":"2026-02-04T22:26:21","guid":{"rendered":"https:\/\/sn.ambaguinee.org\/?p=92911"},"modified":"2026-02-04T23:26:21","modified_gmt":"2026-02-04T22:26:21","slug":"ministere-de-la-sante-kaite-sall-place-la-rigueur-financiere-au-coeur-de-son-action","status":"publish","type":"post","link":"https:\/\/sn.ambaguinee.org\/?p=92911","title":{"rendered":"Minist\u00e8re de la Sant\u00e9 : Ka\u00eft\u00e9 Sall place la rigueur financi\u00e8re au c\u0153ur de son action"},"content":{"rendered":"<div>\n<div style=\"margin-bottom:20px;\"><img width=\"1080\" height=\"702\"src=\"https:\/\/i0.wp.com\/www.guinee7.com\/wp-content\/uploads\/2026\/02\/IMG-20260204-WA0021.jpg?w=1080&amp;ssl=1\" class=\"attachment-post-thumbnail size-post-thumbnail wp-post-image\" alt=\"\" decoding=\"async\" loading=\"lazy\" srcset=\"https:\/\/i0.wp.com\/www.guinee7.com\/wp-content\/uploads\/2026\/02\/IMG-20260204-WA0021.jpg?w=1080&amp;ssl=1 1080w, https:\/\/i0.wp.com\/www.guinee7.com\/wp-content\/uploads\/2026\/02\/IMG-20260204-WA0021.jpg?resize=300%2C195&amp;ssl=1 300w, https:\/\/i0.wp.com\/www.guinee7.com\/wp-content\/uploads\/2026\/02\/IMG-20260204-WA0021.jpg?resize=1024%2C666&amp;ssl=1 1024w, https:\/\/i0.wp.com\/www.guinee7.com\/wp-content\/uploads\/2026\/02\/IMG-20260204-WA0021.jpg?resize=768%2C499&amp;ssl=1 768w, https:\/\/i0.wp.com\/www.guinee7.com\/wp-content\/uploads\/2026\/02\/IMG-20260204-WA0021.jpg?resize=210%2C136&amp;ssl=1 210w\" sizes=\"auto, (max-width: 1080px) 100vw, 1080px\"><\/div>\n<p><span style=\"font-size: 19px;\">Lors de sa prise de fonction, mercredi 4 f\u00e9vrier 2026, la nouvelle ministre de la Sant\u00e9 et de l\u2019Hygi\u00e8ne publique, Ka\u00eft\u00e9 Sall, a promis de gouverner avec rigueur afin de rationaliser l\u2019utilisation des ressources financi\u00e8res. Fine connaisseuse du d\u00e9partement pour y avoir longtemps exerc\u00e9, elle s\u2019engage \u00e0 privil\u00e9gier les projets \u00e0 fort impact pour les populations.<\/span><\/p>\n<p><span style=\"font-size: 19px;\">\u201cEn ce jour solennel, o\u00f9 je r\u00e9int\u00e8gre le minist\u00e8re de la Sant\u00e9 et de l\u2019hygi\u00e8ne publique en tant que ministre, mais surtout en tant que l\u2019a\u00een\u00e9e de plus de 11 000 personnels de sant\u00e9, sans \u00eatre la plus \u00e2g\u00e9e, et en tant que l\u2019espoir d\u2019un peuple qui revendique l\u00e9gitimement l\u2019acc\u00e8s universel et \u00e9quitable \u00e0 la sant\u00e9, je prends la pleine mesure de la charge qui repose sur mes \u00e9paules et surtout de l\u2019immense espoir qui habite notre peuple\u201d, a d\u00e9clar\u00e9 Ka\u00eft\u00e9 Sall d\u00e8s l\u2019entame de son discours. <\/span><\/p>\n<p><span style=\"font-size: 19px;\">La ministre a ensuite rappel\u00e9 les r\u00e9formes engag\u00e9es au cours des quatre derni\u00e8res ann\u00e9es, p\u00e9riode durant laquelle elle occupait le poste de secr\u00e9taire g\u00e9n\u00e9rale du minist\u00e8re. \u201cnous avons collectivement pos\u00e9 les jalons d\u2019une transformation durable de notre syst\u00e8me de sant\u00e9. Ces r\u00e9formes n\u2019\u00e9taient pas de simples ajustements techniques, elles visaient \u00e0 restaurer le pacte de confiance entre les populations et leur syst\u00e8me de sant\u00e9 pour b\u00e2tir un mod\u00e8le plus \u00e9quitable, plus performant et plus r\u00e9silient\u201d. <\/span><\/p>\n<p><span style=\"font-size: 19px;\">Dans la foul\u00e9e, Ka\u00eft\u00e9 Sall a insist\u00e9 sur la n\u00e9cessit\u00e9 d\u2019une gestion rigoureuse des ressources financi\u00e8res. \u201cDans un contexte mondial marqu\u00e9 par la raret\u00e9 des ressources et des contraintes budg\u00e9taires croissantes, notre responsabilit\u00e9 collective est plus grande que jamais. Nous devons faire preuve de rigueur et d\u2019intelligence strat\u00e9gique. Je mettrai donc un point d\u2019honneur sur une gestion rigoureuse et rationnelle des ressources financi\u00e8res, une transparence absolue dans l\u2019allocation et l\u2019utilisation des comptes publics, une reddition des comptes exemplaires vis-\u00e0-vis de nos citoyens et de nos partenaires, le strict respect des engagements pris aupr\u00e8s de nos partenaires au d\u00e9veloppement et le d\u00e9veloppement de m\u00e9canismes de financement innovants du secteur de la sant\u00e9 pour asseoir notre souverainet\u00e9 sanitaire\u201d.<\/span><\/p>\n<p><span style=\"font-size: 19px;\">S\u2019agissant des priorit\u00e9s de son action, la ministre a pr\u00e9cis\u00e9 : \u201cNotre priorit\u00e9 sera de concentrer nos efforts sur des strat\u00e9gies \u00e0 fort impact, de promouvoir le financement bas\u00e9 sur les r\u00e9sultats et de privil\u00e9gier les activit\u00e9s \u00e0 fond potentiels transformateurs. C\u2019est \u00e0 ce prix que nous am\u00e9liorerons concr\u00e8tement le quotidien des Guin\u00e9ennes et des Guin\u00e9ens\u201d.<\/span><\/p>\n<p><span style=\"font-size: 19px;\">Pour conclure, Ka\u00eft\u00e9 Sall s\u2019est adress\u00e9e aux cadres de son d\u00e9partement : \u201cChers collaborateurs, j\u2019entame ce nouveau chapitre avec la main tendue et le c\u0153ur confiant. C\u2019est ensemble que nous b\u00e2tirons un syst\u00e8me de sant\u00e9 qui r\u00e9pond aux aspirations l\u00e9gitimes de chaque vivante et de chaque vivant. Le Pr\u00e9sident Mamadi Doumbouya compte sur moi et moi je compte sur vous et le peuple de Guin\u00e9e pour qui nous pr\u00eatons serment de service, compte sur nous\u201d, a conclu Ka\u00eft\u00e9 Sall. <\/span><\/p>\n<p><strong><span style=\"font-size: 19px;\">Bhoye Barry pour guinee7.com<\/span><\/strong><!--\/data\/user\/0\/com.samsung.android.app.notes\/files\/clipdata\/clipdata_bodytext_260204_191659_416.sdocx--><\/p>\n<p>L\u2019article <a href=\"https:\/\/www.guinee7.com\/2026\/02\/04\/ministere-de-la-sante-kaite-sall-place-la-rigueur-financiere-au-coeur-de-son-action\/\">Minist\u00e8re de la Sant\u00e9 : Ka\u00eft\u00e9 Sall place la rigueur financi\u00e8re au c\u0153ur de son action<\/a> est apparu en premier sur <a href=\"https:\/\/www.guinee7.com\/\">Guinee7.com<\/a>.<\/p>\n<\/div>\n","protected":false},"excerpt":{"rendered":"<p>Lors de sa prise de fonction, mercredi 4 f\u00e9vrier 2026, la nouvelle ministre de la Sant\u00e9 et de l\u2019Hygi\u00e8ne publique, Ka\u00eft\u00e9 Sall, a promis de gouverner avec rigueur afin de rationaliser l\u2019utilisation des ressources financi\u00e8res. Fine connaisseuse du d\u00e9partement pour y avoir longtemps exerc\u00e9, elle s\u2019engage \u00e0 privil\u00e9gier les projets \u00e0 fort impact pour les &hellip;<\/p>\n","protected":false},"author":1,"featured_media":0,"comment_status":"closed","ping_status":"closed","sticky":false,"template":"","format":"standard","meta":{"footnotes":""},"categories":[2],"tags":[22],"_links":{"self":[{"href":"https:\/\/sn.ambaguinee.org\/index.php?rest_route=\/wp\/v2\/posts\/92911"}],"collection":[{"href":"https:\/\/sn.ambaguinee.org\/index.php?rest_route=\/wp\/v2\/posts"}],"about":[{"href":"https:\/\/sn.ambaguinee.org\/index.php?rest_route=\/wp\/v2\/types\/post"}],"author":[{"embeddable":true,"href":"https:\/\/sn.ambaguinee.org\/index.php?rest_route=\/wp\/v2\/users\/1"}],"replies":[{"embeddable":true,"href":"https:\/\/sn.ambaguinee.org\/index.php?rest_route=%2Fwp%2Fv2%2Fcomments&post=92911"}],"version-history":[{"count":0,"href":"https:\/\/sn.ambaguinee.org\/index.php?rest_route=\/wp\/v2\/posts\/92911\/revisions"}],"wp:attachment":[{"href":"https:\/\/sn.ambaguinee.org\/index.php?rest_route=%2Fwp%2Fv2%2Fmedia&parent=92911"}],"wp:term":[{"taxonomy":"category","embeddable":true,"href":"https:\/\/sn.ambaguinee.org\/index.php?rest_route=%2Fwp%2Fv2%2Fcategories&post=92911"},{"taxonomy":"post_tag","embeddable":true,"href":"https:\/\/sn.ambaguinee.org\/index.php?rest_route=%2Fwp%2Fv2%2Ftags&post=92911"}],"curies":[{"name":"wp","href":"https:\/\/api.w.org\/{rel}","templated":true}]}}