{"id":92913,"date":"2026-02-04T23:26:21","date_gmt":"2026-02-04T22:26:21","guid":{"rendered":"https:\/\/sn.ambaguinee.org\/?p=92913"},"modified":"2026-02-04T23:26:21","modified_gmt":"2026-02-04T22:26:21","slug":"gouvernement-bah-oury-sept-nouveaux-ministres-officiellement-nommes","status":"publish","type":"post","link":"https:\/\/sn.ambaguinee.org\/?p=92913","title":{"rendered":"Gouvernement Bah Oury : sept nouveaux ministres officiellement nomm\u00e9s"},"content":{"rendered":"<div>\n<div style=\"margin-bottom:20px;\"><img width=\"700\" height=\"608\"src=\"https:\/\/i0.wp.com\/www.guinee7.com\/wp-content\/uploads\/2025\/10\/General-Mamadi-Doumbouya.jpg?w=700&amp;ssl=1\" class=\"attachment-post-thumbnail size-post-thumbnail wp-post-image\" alt=\"\" decoding=\"async\" srcset=\"https:\/\/i0.wp.com\/www.guinee7.com\/wp-content\/uploads\/2025\/10\/General-Mamadi-Doumbouya.jpg?w=700&amp;ssl=1 700w, https:\/\/i0.wp.com\/www.guinee7.com\/wp-content\/uploads\/2025\/10\/General-Mamadi-Doumbouya.jpg?resize=300%2C261&amp;ssl=1 300w\" sizes=\"(max-width: 700px) 100vw, 700px\"><\/div>\n<p><span style=\"font-size: 19px;\">Les derniers membres du gouvernement du Premier ministre Bah Oury, acte II, ont \u00e9t\u00e9 nomm\u00e9s ce mercredi 4 f\u00e9vrier 2026.<\/span><br \/><span style=\"font-size: 19px;\">Au total, sept (7) ministres ont \u00e9t\u00e9 promus par le Pr\u00e9sident de la R\u00e9publique \u00e0 travers une s\u00e9rie de d\u00e9crets. <\/span><\/p>\n<p><span style=\"font-size: 19px;\">Ce sont : <\/span><\/p>\n<p><span style=\"font-size: 19px;\">Minist\u00e8re de la D\u00e9fense Nationale: Aboubacar Sidiki Camara <\/span><\/p>\n<p><span style=\"font-size: 19px;\">Minist\u00e8re du Plan, de la Coop\u00e9ration Internationale et du D\u00e9veloppement: Ismael Nab\u00e9 <\/span><\/p>\n<p><span style=\"font-size: 19px;\">Minist\u00e8re de la Modernisation de l\u2019Administration et de la Fonction Publique : Faya Fran\u00e7ois Bruno <\/span><\/p>\n<p><span style=\"font-size: 19px;\">Minist\u00e8re de l\u2019Emploi, du Travail et de la Protection Sociale : Mory Cond\u00e9 <\/span><\/p>\n<p><span style=\"font-size: 19px;\">Minist\u00e8re de l\u2019\u00c9nergie : Laye S\u00e9kou Camara <\/span><\/p>\n<p><span style=\"font-size: 19px;\">Minist\u00e8re de l\u2019Assainissement, de l\u2019Hydraulique et des Hydrocarbures:\u00a0 Aboubacar Camara <\/span><\/p>\n<p><span style=\"font-size: 19px;\">Minist\u00e8re de l\u2019Urbanisme, de l\u2019Habitat et de l\u2019Am\u00e9nagement du Territoire: Mohamed Lamine Sy Savan\u00e9<\/span><\/p>\n<p><strong><span style=\"font-size: 19px;\">Bhoye Barry pour guinee7.com<\/span><\/strong><!--\/data\/user\/0\/com.samsung.android.app.notes\/files\/clipdata\/clipdata_bodytext_260204_213246_851.sdocx--><\/p>\n<p>L\u2019article <a href=\"https:\/\/www.guinee7.com\/2026\/02\/04\/gouvernement-bah-oury-sept-nouveaux-ministres-officiellement-nommes\/\">Gouvernement Bah Oury : sept nouveaux ministres officiellement nomm\u00e9s<\/a> est apparu en premier sur <a href=\"https:\/\/www.guinee7.com\/\">Guinee7.com<\/a>.<\/p>\n<\/div>\n","protected":false},"excerpt":{"rendered":"<p>Les derniers membres du gouvernement du Premier ministre Bah Oury, acte II, ont \u00e9t\u00e9 nomm\u00e9s ce mercredi 4 f\u00e9vrier 2026.Au total, sept (7) ministres ont \u00e9t\u00e9 promus par le Pr\u00e9sident de la R\u00e9publique \u00e0 travers une s\u00e9rie de d\u00e9crets. Ce sont : Minist\u00e8re de la D\u00e9fense Nationale: Aboubacar Sidiki Camara Minist\u00e8re du Plan, de la &hellip;<\/p>\n","protected":false},"author":1,"featured_media":0,"comment_status":"closed","ping_status":"closed","sticky":false,"template":"","format":"standard","meta":{"footnotes":""},"categories":[2],"tags":[22],"_links":{"self":[{"href":"https:\/\/sn.ambaguinee.org\/index.php?rest_route=\/wp\/v2\/posts\/92913"}],"collection":[{"href":"https:\/\/sn.ambaguinee.org\/index.php?rest_route=\/wp\/v2\/posts"}],"about":[{"href":"https:\/\/sn.ambaguinee.org\/index.php?rest_route=\/wp\/v2\/types\/post"}],"author":[{"embeddable":true,"href":"https:\/\/sn.ambaguinee.org\/index.php?rest_route=\/wp\/v2\/users\/1"}],"replies":[{"embeddable":true,"href":"https:\/\/sn.ambaguinee.org\/index.php?rest_route=%2Fwp%2Fv2%2Fcomments&post=92913"}],"version-history":[{"count":0,"href":"https:\/\/sn.ambaguinee.org\/index.php?rest_route=\/wp\/v2\/posts\/92913\/revisions"}],"wp:attachment":[{"href":"https:\/\/sn.ambaguinee.org\/index.php?rest_route=%2Fwp%2Fv2%2Fmedia&parent=92913"}],"wp:term":[{"taxonomy":"category","embeddable":true,"href":"https:\/\/sn.ambaguinee.org\/index.php?rest_route=%2Fwp%2Fv2%2Fcategories&post=92913"},{"taxonomy":"post_tag","embeddable":true,"href":"https:\/\/sn.ambaguinee.org\/index.php?rest_route=%2Fwp%2Fv2%2Ftags&post=92913"}],"curies":[{"name":"wp","href":"https:\/\/api.w.org\/{rel}","templated":true}]}}