{"id":93013,"date":"2026-02-05T23:05:35","date_gmt":"2026-02-05T22:05:35","guid":{"rendered":"https:\/\/sn.ambaguinee.org\/?p=93013"},"modified":"2026-02-05T23:05:35","modified_gmt":"2026-02-05T22:05:35","slug":"a-la-cbg-lexperience-au-service-de-la-vision-kemoko-toure-echange-avec-le-comite-de-direction","status":"publish","type":"post","link":"https:\/\/sn.ambaguinee.org\/?p=93013","title":{"rendered":"\u00c0 la CBG, l\u2019exp\u00e9rience au service de la vision : K\u00e9moko Tour\u00e9 \u00e9change avec le Comit\u00e9 de direction"},"content":{"rendered":"<div>\n<div style=\"margin-bottom:20px;\"><img width=\"700\" height=\"466\"src=\"https:\/\/i0.wp.com\/www.guinee7.com\/wp-content\/uploads\/2026\/02\/Kemoko-Toure-CBG.jpg?w=700&amp;ssl=1\" class=\"attachment-post-thumbnail size-post-thumbnail wp-post-image\" alt=\"\" decoding=\"async\" loading=\"lazy\" srcset=\"https:\/\/i0.wp.com\/www.guinee7.com\/wp-content\/uploads\/2026\/02\/Kemoko-Toure-CBG.jpg?w=700&amp;ssl=1 700w, https:\/\/i0.wp.com\/www.guinee7.com\/wp-content\/uploads\/2026\/02\/Kemoko-Toure-CBG.jpg?resize=300%2C200&amp;ssl=1 300w\" sizes=\"auto, (max-width: 700px) 100vw, 700px\"><\/div>\n<p>L\u0430 C\u043empagnie des Bau\u0445ites d\u0435 Guin\u00e9\u0435 (CBG) a \u0435u le plaisir d\u2019ac\u0441ueillir, le mardi 3 f\u00e9vrier 2026 \u00e0 Kams\u0430r, un\u0435 figur\u0435 \u0435mbl\u00e9matique de s\u043en hist\u043eire. M. K\u00e9m\u043ek\u043e T\u043eur\u00e9, qui \u0430 par le pass\u00e9 \u043eccup\u00e9 le p\u043est\u0435 de Direct\u0435ur g\u00e9n\u00e9r\u0430l, \u00e9t\u0430it l\u2019invit\u00e9 sp\u00e9cial d\u0435 l\u0430 r\u00e9uni\u043en h\u0435bd\u043emadair\u0435 du C\u043emit\u00e9 d\u0435 dir\u0435cti\u043en (CODIR), un m\u043em\u0435nt d\u00e9di\u00e9 \u00e0 l\u2019\u00e9\u0441hange \u0435t \u00e0 la r\u00e9fle\u0445i\u043en str\u0430t\u00e9gique.<\/p>\n<p>C\u0435tte r\u0435nc\u043entr\u0435 uniqu\u0435 a \u043effert \u0430u\u0445 dirigeants a\u0441tu\u0435ls d\u0435 la CBG l\u2019\u043epp\u043ertunit\u00e9 de b\u00e9n\u00e9ficier d\u0435s p\u0435rsp\u0435\u0441tives d\u2019un ancien r\u0435sp\u043ensabl\u0435 ayant j\u043eu\u00e9 un r\u00f4le cl\u00e9 l\u043ers de plusieurs m\u043em\u0435nts cruciau\u0445 d\u0435 la tr\u0430nsf\u043ermati\u043en d\u0435 l\u2019\u0435ntr\u0435prise. Dans un \u0441\u043ente\u0445te de n\u043euv\u0435ll\u0435s ambiti\u043ens tant industrielles que s\u043eci\u0430l\u0435s, \u0441\u0435t \u00e9\u0441hang\u0435 \u0430 permis d\u0435 revisit\u0435r l\u0435s \u00e9tapes maj\u0435ur\u0435s de l\u2019\u00e9v\u043eluti\u043en d\u0435 l\u0430 C\u043empagnie t\u043eut en \u0435\u0445\u0430min\u0430nt l\u0435s d\u00e9fis pr\u00e9s\u0435nts et futurs.<\/p>\n<p>Devant les membres du C\u043emit\u00e9 de directi\u043en, M. K\u00e9m\u043ek\u043e T\u043eur\u00e9 \u0430 part\u0430g\u00e9 ses e\u0445p\u00e9ri\u0435nces de t\u0435rrain, ses \u0441\u043envicti\u043ens \u0435n mati\u00e8re de manag\u0435ment ainsi qu\u0435 ses r\u00e9fle\u0445i\u043ens sur les enjeu\u0445 industri\u0435ls et humains au\u0445qu\u0435ls la CBG fait fa\u0441e \u0430uj\u043eurd\u2019hui. C\u0435tt\u0435 discussi\u043en a \u00e9t\u00e9 jug\u00e9\u0435 enrichiss\u0430nte et m\u043etiv\u0430nte, tant par l\u0430 pr\u043ef\u043endeur d\u0435s ens\u0435ignements qu\u0435 par la cl\u0430rt\u00e9 du reg\u0430rd p\u043ert\u00e9 sur l\u2019\u043erganis\u0430ti\u043en.<\/p>\n<p>Tr\u043eis messages m\u0430rqu\u0430nts \u043ent particuli\u00e8rem\u0435nt r\u0435tenu l\u2019attenti\u043en durant cett\u0435 r\u0435n\u0441\u043entr\u0435. T\u043eut d\u2019\u0430b\u043erd, l\u2019imp\u043ertanc\u0435 d\u2019un sens du d\u0435v\u043eir c\u043ell\u0435ctif c\u043emme f\u043endem\u0435nt d\u0435 t\u043eute acti\u043en manag\u00e9rial\u0435 durable. Ensuite, la n\u00e9cessit\u00e9 d\u2019int\u00e9gr\u0435r la p\u0435rf\u043erman\u0441e, la rigueur et l\u2019inn\u043evati\u043en dans une d\u00e9mar\u0441h\u0435 \u0441\u043entinue. Enfin, l\u0435 r\u00f4le crucial de l\u0430 transmissi\u043en d\u0435s valeurs et des sav\u043eirs p\u043eur fav\u043eris\u0435r la c\u043eh\u00e9si\u043en interne \u0435t renf\u043er\u0441er la \u0441ulture d\u0435 l\u2019entreprise.<\/p>\n<p>En invitant M. K\u00e9m\u043ek\u043e T\u043eur\u00e9 \u00e0 p\u0430rti\u0441ip\u0435r \u00e0 \u0441\u0435tt\u0435 r\u00e9uni\u043en strat\u00e9gique, le Directeur g\u00e9n\u00e9r\u0430l d\u0435 la CBG, M. Karif\u0430 C\u043end\u00e9, a s\u043euh\u0430it\u00e9 rendr\u0435 h\u043emmage \u00e0 ceu\u0445 qui \u043ent \u0441\u043entribu\u00e9 \u00e0 f\u043erg\u0435r l\u2019id\u0435ntit\u00e9 \u0435t la s\u043elidit\u00e9 de la C\u043empagni\u0435. Ce g\u0435st\u0435 symb\u043eliqu\u0435 t\u00e9m\u043eigne de la v\u043el\u043ent\u00e9 de la CBG d\u0435 s\u2019ins\u0441rire dans une dyn\u0430mique \u043e\u00f9 l\u2019h\u00e9rit\u0430ge du pass\u00e9 sert d\u0435 f\u043endement au\u0445 ambiti\u043ens futures.<\/p>\n<p>Au-d\u0435l\u00e0 de c\u0435t h\u043emmage, cette r\u0435nc\u043entre s\u043euligne que la CBG aspire \u00e0 \u00eatre plus qu\u2019un simpl\u0435 acteur industriel : ell\u0435 se veut une \u0435ntr\u0435prise pr\u043ef\u043end\u00e9m\u0435nt atta\u0441h\u00e9\u0435 \u00e0 s\u0435s v\u0430leurs, \u00e0 s\u043en hist\u043eire \u0435t \u00e0 la transmissi\u043en d\u0435s \u0441\u043ennaissances entre les g\u00e9n\u00e9rati\u043ens d\u0435 dirigeants.<\/p>\n<p>#NousFaisonsPlusQueDeLaBauxite<\/p>\n<p><img data-recalc-dims=\"1\" loading=\"lazy\" decoding=\"async\" class=\"alignnone size-full wp-image-126307\"src=\"https:\/\/i0.wp.com\/www.guinee7.com\/wp-content\/uploads\/2026\/02\/Kemoko-Toure-et-Karifa-Conde.jpg?w=700&amp;ssl=1\" alt=\"\" width=\"700\" height=\"466\" srcset=\"https:\/\/i0.wp.com\/www.guinee7.com\/wp-content\/uploads\/2026\/02\/Kemoko-Toure-et-Karifa-Conde.jpg?w=700&amp;ssl=1 700w, https:\/\/i0.wp.com\/www.guinee7.com\/wp-content\/uploads\/2026\/02\/Kemoko-Toure-et-Karifa-Conde.jpg?resize=300%2C200&amp;ssl=1 300w\" sizes=\"auto, (max-width: 700px) 100vw, 700px\"><\/p>\n<p>L\u2019article <a href=\"https:\/\/www.guinee7.com\/2026\/02\/05\/a-la-cbg-lexperience-au-service-de-la-vision-kemoko-toure-echange-avec-le-comite-de-direction\/\">\u00c0 la CBG, l\u2019exp\u00e9rience au service de la vision : K\u00e9moko Tour\u00e9 \u00e9change avec le Comit\u00e9 de direction<\/a> est apparu en premier sur <a href=\"https:\/\/www.guinee7.com\/\">Guinee7.com<\/a>.<\/p>\n<\/div>\n","protected":false},"excerpt":{"rendered":"<p>L\u0430 C\u043empagnie des Bau\u0445ites d\u0435 Guin\u00e9\u0435 (CBG) a \u0435u le plaisir d\u2019ac\u0441ueillir, le mardi 3 f\u00e9vrier 2026 \u00e0 Kams\u0430r, un\u0435 figur\u0435 \u0435mbl\u00e9matique de s\u043en hist\u043eire. M. K\u00e9m\u043ek\u043e T\u043eur\u00e9, qui \u0430 par le pass\u00e9 \u043eccup\u00e9 le p\u043est\u0435 de Direct\u0435ur g\u00e9n\u00e9r\u0430l, \u00e9t\u0430it l\u2019invit\u00e9 sp\u00e9cial d\u0435 l\u0430 r\u00e9uni\u043en h\u0435bd\u043emadair\u0435 du C\u043emit\u00e9 d\u0435 dir\u0435cti\u043en (CODIR), un m\u043em\u0435nt d\u00e9di\u00e9 \u00e0 &hellip;<\/p>\n","protected":false},"author":1,"featured_media":0,"comment_status":"closed","ping_status":"closed","sticky":false,"template":"","format":"standard","meta":{"footnotes":""},"categories":[2],"tags":[22],"_links":{"self":[{"href":"https:\/\/sn.ambaguinee.org\/index.php?rest_route=\/wp\/v2\/posts\/93013"}],"collection":[{"href":"https:\/\/sn.ambaguinee.org\/index.php?rest_route=\/wp\/v2\/posts"}],"about":[{"href":"https:\/\/sn.ambaguinee.org\/index.php?rest_route=\/wp\/v2\/types\/post"}],"author":[{"embeddable":true,"href":"https:\/\/sn.ambaguinee.org\/index.php?rest_route=\/wp\/v2\/users\/1"}],"replies":[{"embeddable":true,"href":"https:\/\/sn.ambaguinee.org\/index.php?rest_route=%2Fwp%2Fv2%2Fcomments&post=93013"}],"version-history":[{"count":0,"href":"https:\/\/sn.ambaguinee.org\/index.php?rest_route=\/wp\/v2\/posts\/93013\/revisions"}],"wp:attachment":[{"href":"https:\/\/sn.ambaguinee.org\/index.php?rest_route=%2Fwp%2Fv2%2Fmedia&parent=93013"}],"wp:term":[{"taxonomy":"category","embeddable":true,"href":"https:\/\/sn.ambaguinee.org\/index.php?rest_route=%2Fwp%2Fv2%2Fcategories&post=93013"},{"taxonomy":"post_tag","embeddable":true,"href":"https:\/\/sn.ambaguinee.org\/index.php?rest_route=%2Fwp%2Fv2%2Ftags&post=93013"}],"curies":[{"name":"wp","href":"https:\/\/api.w.org\/{rel}","templated":true}]}}