{"id":93015,"date":"2026-02-05T23:05:36","date_gmt":"2026-02-05T22:05:36","guid":{"rendered":"https:\/\/sn.ambaguinee.org\/?p=93015"},"modified":"2026-02-05T23:05:36","modified_gmt":"2026-02-05T22:05:36","slug":"veilleurs-du-web-une-riposte-citoyenne-contre-la-desinformation-en-guinee","status":"publish","type":"post","link":"https:\/\/sn.ambaguinee.org\/?p=93015","title":{"rendered":"\u00ab\u00a0Veilleurs du Web\u00a0\u00bb : une riposte citoyenne contre la d\u00e9sinformation en Guin\u00e9e"},"content":{"rendered":"<div>\n<div style=\"margin-bottom:20px;\"><img width=\"1280\" height=\"721\"src=\"https:\/\/i0.wp.com\/www.guinee7.com\/wp-content\/uploads\/2026\/02\/IMG-20260205-WA0024.jpg?w=1280&amp;ssl=1\" class=\"attachment-post-thumbnail size-post-thumbnail wp-post-image\" alt=\"\" decoding=\"async\" loading=\"lazy\" srcset=\"https:\/\/i0.wp.com\/www.guinee7.com\/wp-content\/uploads\/2026\/02\/IMG-20260205-WA0024.jpg?w=1280&amp;ssl=1 1280w, https:\/\/i0.wp.com\/www.guinee7.com\/wp-content\/uploads\/2026\/02\/IMG-20260205-WA0024.jpg?resize=300%2C169&amp;ssl=1 300w, https:\/\/i0.wp.com\/www.guinee7.com\/wp-content\/uploads\/2026\/02\/IMG-20260205-WA0024.jpg?resize=1024%2C577&amp;ssl=1 1024w, https:\/\/i0.wp.com\/www.guinee7.com\/wp-content\/uploads\/2026\/02\/IMG-20260205-WA0024.jpg?resize=768%2C433&amp;ssl=1 768w\" sizes=\"auto, (max-width: 1280px) 100vw, 1280px\"><\/div>\n<p><span style=\"font-size: 19px;\">L\u2019Association des blogueurs de Guin\u00e9e (ABLOGUI) intensifie ses actions de terrain dans le cadre de la lutte contre la d\u00e9sinformation et les discours haineux. C\u2019est dans cette dynamique que la structure a lanc\u00e9 le programme \u00ab Veilleurs du Web de Guin\u00e9e \u00bb.<\/span><\/p>\n<p><span style=\"font-size: 19px;\">Dans ce cadre, un atelier de renforcement des capacit\u00e9s destin\u00e9 aux jeunes de l\u2019axe Hamdallaye\u2013Kagb\u00e9l\u00e9n, consacr\u00e9 \u00e0 la lutte contre le d\u00e9sordre informationnel, a d\u00e9marr\u00e9 ce mercredi 5 f\u00e9vrier 2026 \u00e0 Conakry. \u00c0 l\u2019issue de ces trois jours de formation, les participants int\u00e9greront officiellement le r\u00e9seau des \u00ab Veilleurs du Web de Guin\u00e9e \u00bb.<\/span><\/p>\n<p><span style=\"font-size: 19px;\">Selon le pr\u00e9sident de l\u2019ABLOGUI, Mamoudou Baro Cond\u00e9, ce projet, mis en \u0153uvre en partenariat avec le Fonds des Nations unies pour l\u2019enfance (UNICEF), l\u2019UNFPA et le PNUD, b\u00e9n\u00e9ficie du soutien financier du Fonds pour la consolidation de la paix (PBF).<\/span><br \/><span style=\"font-size: 19px;\">\u00ab Il a \u00e9t\u00e9 lanc\u00e9 \u00e0 une p\u00e9riode o\u00f9 le num\u00e9rique occupe une place centrale dans la vie de chacun d\u2019entre nous. Les r\u00e9seaux sociaux, en particulier, constituent aujourd\u2019hui un espace d\u2019expression pour tous. Ils sont devenus des lieux d\u2019expression et d\u2019information, mais aussi, parfois, des espaces d\u2019utilisation d\u00e9tourn\u00e9e \u00e0 travers la circulation de la d\u00e9sinformation, la manipulation et les discours de haine \u00bb, a-t-il d\u00e9clar\u00e9.<\/span><\/p>\n<p><span style=\"font-size: 19px;\">\u00ab Les Veilleurs du Web sont donc des acteurs cl\u00e9s dans la lutte contre la d\u00e9sinformation et toutes les d\u00e9rives qui fragilisent la coh\u00e9sion sociale. \u00c0 travers ce programme, l\u2019ABLOGUI et ses partenaires onusiens r\u00e9affirment leur conviction que le num\u00e9rique peut et doit \u00eatre un levier de d\u00e9veloppement, de paix et de participation citoyenne. Ensemble, en unissant nos efforts, nous croyons que chaque clic compte, que chaque publication peut avoir un impact r\u00e9el sur la vie des citoyens et que chaque citoyen peut contribuer positivement \u00e0 rendre l\u2019espace num\u00e9rique plus sain et plus s\u00fbr \u00bb, a pr\u00e9cis\u00e9 M. Baro Cond\u00e9.<\/span><\/p>\n<p><span style=\"font-size: 19px;\">\u00ab En lan\u00e7ant aujourd\u2019hui le programme Veilleurs du Web, nous posons un acte : celui de choisir la responsabilit\u00e9 plut\u00f4t que l\u2019indiff\u00e9rence, la v\u00e9rit\u00e9 plut\u00f4t que la manipulation et le dialogue plut\u00f4t que les discours de haine \u00bb, a-t-il ajout\u00e9.<\/span><\/p>\n<p><span style=\"font-size: 19px;\">De son c\u00f4t\u00e9, Ousmane Bangoura, analyste en communication au Fonds des Nations unies pour la consolidation de la paix (PBF), a rappel\u00e9 que les discours tenus sur les r\u00e9seaux sociaux refl\u00e8tent ceux de la soci\u00e9t\u00e9 r\u00e9elle.<\/span><\/p>\n<p><span style=\"font-size: 19px;\">\u00ab Aujourd\u2019hui, l\u2019enjeu auquel nous faisons face est la d\u00e9sinformation, la m\u00e9sinformation et la malinformation. Ce sont des th\u00e9matiques particuli\u00e8rement actuelles, dans la mesure o\u00f9 tout le monde poss\u00e8de d\u00e9sormais une pr\u00e9sence num\u00e9rique. Mais si cette pr\u00e9sence n\u2019est pas bien g\u00e9r\u00e9e, elle peut engendrer des probl\u00e8mes au niveau national. Les r\u00e9seaux sociaux sont le reflet de notre soci\u00e9t\u00e9. Ce qui s\u2019y dit n\u2019est pas diff\u00e9rent de ce qui se dit dans la vie r\u00e9elle. Les m\u00eames personnes qui vivent dans le monde r\u00e9el alimentent les r\u00e9seaux sociaux. C\u2019est pourquoi il est important de s\u2019appuyer sur ces m\u00eames personnes afin qu\u2019elles portent des messages de paix, de coh\u00e9sion et de r\u00e9conciliation nationale, pour \u00e9viter que la toile ne s\u2019enflamme. Car si la toile s\u2019enflamme, le monde r\u00e9el en paiera \u00e9galement les cons\u00e9quences \u00bb, a-t-il expliqu\u00e9.<\/span><\/p>\n<p><strong><span style=\"font-size: 19px;\">Bhoye Barry pour guinee7.com<\/span><\/strong><!--\/data\/user\/0\/com.samsung.android.app.notes\/files\/clipdata\/clipdata_bodytext_260205_151353_088.sdocx--><\/p>\n<p>L\u2019article <a href=\"https:\/\/www.guinee7.com\/2026\/02\/05\/veilleurs-du-web-une-riposte-citoyenne-contre-la-desinformation-en-guinee\/\">\u00ab\u00a0Veilleurs du Web\u00a0\u00bb : une riposte citoyenne contre la d\u00e9sinformation en Guin\u00e9e<\/a> est apparu en premier sur <a href=\"https:\/\/www.guinee7.com\/\">Guinee7.com<\/a>.<\/p>\n<\/div>\n","protected":false},"excerpt":{"rendered":"<p>L\u2019Association des blogueurs de Guin\u00e9e (ABLOGUI) intensifie ses actions de terrain dans le cadre de la lutte contre la d\u00e9sinformation et les discours haineux. C\u2019est dans cette dynamique que la structure a lanc\u00e9 le programme \u00ab Veilleurs du Web de Guin\u00e9e \u00bb. Dans ce cadre, un atelier de renforcement des capacit\u00e9s destin\u00e9 aux jeunes de &hellip;<\/p>\n","protected":false},"author":1,"featured_media":0,"comment_status":"closed","ping_status":"closed","sticky":false,"template":"","format":"standard","meta":{"footnotes":""},"categories":[2],"tags":[22],"_links":{"self":[{"href":"https:\/\/sn.ambaguinee.org\/index.php?rest_route=\/wp\/v2\/posts\/93015"}],"collection":[{"href":"https:\/\/sn.ambaguinee.org\/index.php?rest_route=\/wp\/v2\/posts"}],"about":[{"href":"https:\/\/sn.ambaguinee.org\/index.php?rest_route=\/wp\/v2\/types\/post"}],"author":[{"embeddable":true,"href":"https:\/\/sn.ambaguinee.org\/index.php?rest_route=\/wp\/v2\/users\/1"}],"replies":[{"embeddable":true,"href":"https:\/\/sn.ambaguinee.org\/index.php?rest_route=%2Fwp%2Fv2%2Fcomments&post=93015"}],"version-history":[{"count":0,"href":"https:\/\/sn.ambaguinee.org\/index.php?rest_route=\/wp\/v2\/posts\/93015\/revisions"}],"wp:attachment":[{"href":"https:\/\/sn.ambaguinee.org\/index.php?rest_route=%2Fwp%2Fv2%2Fmedia&parent=93015"}],"wp:term":[{"taxonomy":"category","embeddable":true,"href":"https:\/\/sn.ambaguinee.org\/index.php?rest_route=%2Fwp%2Fv2%2Fcategories&post=93015"},{"taxonomy":"post_tag","embeddable":true,"href":"https:\/\/sn.ambaguinee.org\/index.php?rest_route=%2Fwp%2Fv2%2Ftags&post=93015"}],"curies":[{"name":"wp","href":"https:\/\/api.w.org\/{rel}","templated":true}]}}