{"id":93120,"date":"2026-02-06T23:59:12","date_gmt":"2026-02-06T22:59:12","guid":{"rendered":"https:\/\/sn.ambaguinee.org\/?p=93120"},"modified":"2026-02-06T23:59:12","modified_gmt":"2026-02-06T22:59:12","slug":"ogp-fodeba-isto-keira-en-visite-au-siege-de-linstitution","status":"publish","type":"post","link":"https:\/\/sn.ambaguinee.org\/?p=93120","title":{"rendered":"OGP : Fod\u00e9ba Isto Keira en visite au si\u00e8ge de l\u2019institution"},"content":{"rendered":"<div>\n<div style=\"margin-bottom:20px;\"><img width=\"1080\" height=\"804\"src=\"https:\/\/i0.wp.com\/www.guinee7.com\/wp-content\/uploads\/2026\/02\/IMG-20260206-WA0019.jpg?w=1080&amp;ssl=1\" class=\"attachment-post-thumbnail size-post-thumbnail wp-post-image\" alt=\"\" decoding=\"async\" loading=\"lazy\" srcset=\"https:\/\/i0.wp.com\/www.guinee7.com\/wp-content\/uploads\/2026\/02\/IMG-20260206-WA0019.jpg?w=1080&amp;ssl=1 1080w, https:\/\/i0.wp.com\/www.guinee7.com\/wp-content\/uploads\/2026\/02\/IMG-20260206-WA0019.jpg?resize=300%2C223&amp;ssl=1 300w, https:\/\/i0.wp.com\/www.guinee7.com\/wp-content\/uploads\/2026\/02\/IMG-20260206-WA0019.jpg?resize=1024%2C762&amp;ssl=1 1024w, https:\/\/i0.wp.com\/www.guinee7.com\/wp-content\/uploads\/2026\/02\/IMG-20260206-WA0019.jpg?resize=768%2C572&amp;ssl=1 768w, https:\/\/i0.wp.com\/www.guinee7.com\/wp-content\/uploads\/2026\/02\/IMG-20260206-WA0019.jpg?resize=86%2C64&amp;ssl=1 86w\" sizes=\"auto, (max-width: 1080px) 100vw, 1080px\"><\/div>\n<p>Fod\u00e9ba Isto Keira, ancien Directeur G\u00e9n\u00e9ral de l\u2019Office Guin\u00e9en de Publicit\u00e9 (OGP) et ancien ministre, a effectu\u00e9 ce vendredi 6 f\u00e9vrier 2026 une visite au si\u00e8ge de l\u2019institution qu\u2019il a dirig\u00e9e entre 2007 et 2008.<\/p>\n<p>\u00a0<\/p>\n<p>Il a \u00e9t\u00e9 chaleureusement accueilli par son fr\u00e8re et ami, l\u2019actuel Directeur G\u00e9n\u00e9ral de l\u2019OGP, Aladji Cellou Camara. Cette rencontre, empreinte de courtoisie, s\u2019est surtout inscrite sous le signe de l\u2019amiti\u00e9 et du respect mutuel.<\/p>\n<p>\u00a0<\/p>\n<p>Au cours de ces brefs mais riches moments d\u2019\u00e9changes, les deux personnalit\u00e9s ont \u00e9voqu\u00e9 avec \u00e9motion leurs ann\u00e9es de franche collaboration, n\u00e9e au milieu des ann\u00e9es 90, loin des ors du pouvoir mais au c\u0153ur du rayonnement culturel de la Guin\u00e9e.<\/p>\n<p>\u00a0<\/p>\n<p>Cette visite symbolique t\u00e9moigne surtout des liens solides qui unissent les anciens et actuels responsables de l\u2019institution, ainsi que de leur engagement commun pour le redressement effectif de l\u2019Office Guin\u00e9en de Publicit\u00e9 et le d\u00e9veloppement du pays.<\/p>\n<p>\u00a0<\/p>\n<p>\u200b<\/p>\n<p>L\u2019article <a href=\"https:\/\/www.guinee7.com\/2026\/02\/06\/ogp-fodeba-isto-keira-en-visite-au-siege-de-linstitution\/\">OGP : Fod\u00e9ba Isto Keira en visite au si\u00e8ge de l\u2019institution<\/a> est apparu en premier sur <a href=\"https:\/\/www.guinee7.com\/\">Guinee7.com<\/a>.<\/p>\n<\/div>\n","protected":false},"excerpt":{"rendered":"<p>Fod\u00e9ba Isto Keira, ancien Directeur G\u00e9n\u00e9ral de l\u2019Office Guin\u00e9en de Publicit\u00e9 (OGP) et ancien ministre, a effectu\u00e9 ce vendredi 6 f\u00e9vrier 2026 une visite au si\u00e8ge de l\u2019institution qu\u2019il a dirig\u00e9e entre 2007 et 2008. \u00a0 Il a \u00e9t\u00e9 chaleureusement accueilli par son fr\u00e8re et ami, l\u2019actuel Directeur G\u00e9n\u00e9ral de l\u2019OGP, Aladji Cellou Camara. Cette &hellip;<\/p>\n","protected":false},"author":1,"featured_media":0,"comment_status":"closed","ping_status":"closed","sticky":false,"template":"","format":"standard","meta":{"footnotes":""},"categories":[2],"tags":[22],"_links":{"self":[{"href":"https:\/\/sn.ambaguinee.org\/index.php?rest_route=\/wp\/v2\/posts\/93120"}],"collection":[{"href":"https:\/\/sn.ambaguinee.org\/index.php?rest_route=\/wp\/v2\/posts"}],"about":[{"href":"https:\/\/sn.ambaguinee.org\/index.php?rest_route=\/wp\/v2\/types\/post"}],"author":[{"embeddable":true,"href":"https:\/\/sn.ambaguinee.org\/index.php?rest_route=\/wp\/v2\/users\/1"}],"replies":[{"embeddable":true,"href":"https:\/\/sn.ambaguinee.org\/index.php?rest_route=%2Fwp%2Fv2%2Fcomments&post=93120"}],"version-history":[{"count":0,"href":"https:\/\/sn.ambaguinee.org\/index.php?rest_route=\/wp\/v2\/posts\/93120\/revisions"}],"wp:attachment":[{"href":"https:\/\/sn.ambaguinee.org\/index.php?rest_route=%2Fwp%2Fv2%2Fmedia&parent=93120"}],"wp:term":[{"taxonomy":"category","embeddable":true,"href":"https:\/\/sn.ambaguinee.org\/index.php?rest_route=%2Fwp%2Fv2%2Fcategories&post=93120"},{"taxonomy":"post_tag","embeddable":true,"href":"https:\/\/sn.ambaguinee.org\/index.php?rest_route=%2Fwp%2Fv2%2Ftags&post=93120"}],"curies":[{"name":"wp","href":"https:\/\/api.w.org\/{rel}","templated":true}]}}