{"id":93122,"date":"2026-02-06T23:59:12","date_gmt":"2026-02-06T22:59:12","guid":{"rendered":"https:\/\/sn.ambaguinee.org\/?p=93122"},"modified":"2026-02-06T23:59:12","modified_gmt":"2026-02-06T22:59:12","slug":"commerce-et-industrie-fatima-camara-succede-a-diaka-sidibe","status":"publish","type":"post","link":"https:\/\/sn.ambaguinee.org\/?p=93122","title":{"rendered":"Commerce et Industrie : Fatima Camara succ\u00e8de \u00e0 Diaka Sidib\u00e9"},"content":{"rendered":"<div>\n<div style=\"margin-bottom:20px;\"><img width=\"1080\" height=\"810\"src=\"https:\/\/i0.wp.com\/www.guinee7.com\/wp-content\/uploads\/2026\/02\/IMG-20260206-WA0037.jpg?w=1080&amp;ssl=1\" class=\"attachment-post-thumbnail size-post-thumbnail wp-post-image\" alt=\"\" decoding=\"async\" loading=\"lazy\" srcset=\"https:\/\/i0.wp.com\/www.guinee7.com\/wp-content\/uploads\/2026\/02\/IMG-20260206-WA0037.jpg?w=1080&amp;ssl=1 1080w, https:\/\/i0.wp.com\/www.guinee7.com\/wp-content\/uploads\/2026\/02\/IMG-20260206-WA0037.jpg?resize=300%2C225&amp;ssl=1 300w, https:\/\/i0.wp.com\/www.guinee7.com\/wp-content\/uploads\/2026\/02\/IMG-20260206-WA0037.jpg?resize=1024%2C768&amp;ssl=1 1024w, https:\/\/i0.wp.com\/www.guinee7.com\/wp-content\/uploads\/2026\/02\/IMG-20260206-WA0037.jpg?resize=768%2C576&amp;ssl=1 768w, https:\/\/i0.wp.com\/www.guinee7.com\/wp-content\/uploads\/2026\/02\/IMG-20260206-WA0037.jpg?resize=86%2C64&amp;ssl=1 86w\" sizes=\"auto, (max-width: 1080px) 100vw, 1080px\"><\/div>\n<p>Fatima Camara a officiellement \u00e9t\u00e9 install\u00e9e ministre du Commerce et de l\u2019Industrie, lors d\u2019une c\u00e9r\u00e9monie au si\u00e8ge du d\u00e9partement \u00e0 Kaloum. Sa nomination vise \u00e0 renforcer la synergie entre industrie et commerce, d\u00e9velopper la transformation locale et soutenir l\u2019emploi en Guin\u00e9e. Elle succ\u00e8de \u00e0 Dre Diaka Sidib\u00e9, salu\u00e9e pour son bilan \u00e0 la t\u00eate du minist\u00e8re.<\/p>\n<p>Dre Sidib\u00e9 a rappel\u00e9 les principaux acquis de son mandat, notamment le cluster agro-industriel de Donka, le Centre Pilote de Technologie Industrielle (CPTI), la valorisation des produits locaux et la modernisation administrative via le guichet unique de l\u2019industrie soutenu par la plateforme num\u00e9rique Landaya. Elle a aussi soulign\u00e9 la r\u00e9gulation du secteur, avec 1 724 unit\u00e9s de production d\u2019eau non conformes ferm\u00e9es. Elle a enfin insist\u00e9 sur les d\u00e9fis \u00e0 venir : zones industrielles, transformation locale, financement des PME et digitalisation des proc\u00e9dures.<\/p>\n<p>Dans son discours, Fatima Camara a remerci\u00e9 le Pr\u00e9sident et le Premier ministre, tout en saluant l\u2019action de sa pr\u00e9d\u00e9cesseure : \u00ab son engagement et les r\u00e9formes qu\u2019elle a port\u00e9es ont permis de moderniser les services de notre administration au b\u00e9n\u00e9fice des usagers. Cette passation se fait dans le respect et dans la continuit\u00e9 de l\u2019action publique. \u00bb<\/p>\n<p>La ministre entrante a expos\u00e9 sa vision : rapprocher industrie et commerce pour relier toute la cha\u00eene de valeur, cr\u00e9er plus d\u2019emplois et augmenter la productivit\u00e9. Sa m\u00e9thode sera simple : \u00ab \u00c9couter, d\u00e9cider et agir\u2026 acc\u00e9l\u00e9rer la transformation industrielle, moderniser le commerce, s\u00e9curiser un march\u00e9 sain et garantir la qualit\u00e9 des produits. Produire en Guin\u00e9e, transformer en Guin\u00e9e, consommer guin\u00e9en et conqu\u00e9rir des march\u00e9s r\u00e9gionaux et internationaux. \u00bb<\/p>\n<p>La c\u00e9r\u00e9monie a r\u00e9uni cadres du minist\u00e8re, acteurs \u00e9conomiques et partenaires institutionnels, marquant une nouvelle \u00e9tape pour le commerce et l\u2019industrie guin\u00e9enne.<\/p>\n<p><strong>Abdoul Lory Sylla pour guinee7.com\u00a0<\/strong><\/p>\n<p>L\u2019article <a href=\"https:\/\/www.guinee7.com\/2026\/02\/06\/commerce-et-industrie-fatima-camara-succede-a-diaka-sidibe\/\">Commerce et Industrie : Fatima Camara succ\u00e8de \u00e0 Diaka Sidib\u00e9<\/a> est apparu en premier sur <a href=\"https:\/\/www.guinee7.com\/\">Guinee7.com<\/a>.<\/p>\n<\/div>\n","protected":false},"excerpt":{"rendered":"<p>Fatima Camara a officiellement \u00e9t\u00e9 install\u00e9e ministre du Commerce et de l\u2019Industrie, lors d\u2019une c\u00e9r\u00e9monie au si\u00e8ge du d\u00e9partement \u00e0 Kaloum. Sa nomination vise \u00e0 renforcer la synergie entre industrie et commerce, d\u00e9velopper la transformation locale et soutenir l\u2019emploi en Guin\u00e9e. Elle succ\u00e8de \u00e0 Dre Diaka Sidib\u00e9, salu\u00e9e pour son bilan \u00e0 la t\u00eate du &hellip;<\/p>\n","protected":false},"author":1,"featured_media":0,"comment_status":"closed","ping_status":"closed","sticky":false,"template":"","format":"standard","meta":{"footnotes":""},"categories":[2],"tags":[22],"_links":{"self":[{"href":"https:\/\/sn.ambaguinee.org\/index.php?rest_route=\/wp\/v2\/posts\/93122"}],"collection":[{"href":"https:\/\/sn.ambaguinee.org\/index.php?rest_route=\/wp\/v2\/posts"}],"about":[{"href":"https:\/\/sn.ambaguinee.org\/index.php?rest_route=\/wp\/v2\/types\/post"}],"author":[{"embeddable":true,"href":"https:\/\/sn.ambaguinee.org\/index.php?rest_route=\/wp\/v2\/users\/1"}],"replies":[{"embeddable":true,"href":"https:\/\/sn.ambaguinee.org\/index.php?rest_route=%2Fwp%2Fv2%2Fcomments&post=93122"}],"version-history":[{"count":0,"href":"https:\/\/sn.ambaguinee.org\/index.php?rest_route=\/wp\/v2\/posts\/93122\/revisions"}],"wp:attachment":[{"href":"https:\/\/sn.ambaguinee.org\/index.php?rest_route=%2Fwp%2Fv2%2Fmedia&parent=93122"}],"wp:term":[{"taxonomy":"category","embeddable":true,"href":"https:\/\/sn.ambaguinee.org\/index.php?rest_route=%2Fwp%2Fv2%2Fcategories&post=93122"},{"taxonomy":"post_tag","embeddable":true,"href":"https:\/\/sn.ambaguinee.org\/index.php?rest_route=%2Fwp%2Fv2%2Ftags&post=93122"}],"curies":[{"name":"wp","href":"https:\/\/api.w.org\/{rel}","templated":true}]}}