{"id":93289,"date":"2026-02-09T23:51:16","date_gmt":"2026-02-09T22:51:16","guid":{"rendered":"https:\/\/sn.ambaguinee.org\/?p=93289"},"modified":"2026-02-09T23:51:16","modified_gmt":"2026-02-09T22:51:16","slug":"mamou-des-boutiques-demolies-a-la-conserverie-des-familles-laissees-dans-lincertitude","status":"publish","type":"post","link":"https:\/\/sn.ambaguinee.org\/?p=93289","title":{"rendered":"Mamou : Des boutiques d\u00e9molies \u00e0 la Conserverie, des familles laiss\u00e9es dans l\u2019incertitude"},"content":{"rendered":"<div>\n<div style=\"margin-bottom:20px;\"><img width=\"1280\" height=\"576\"src=\"https:\/\/i0.wp.com\/www.guinee7.com\/wp-content\/uploads\/2026\/02\/IMG-20260208-WA0009.jpg?w=1280&amp;ssl=1\" class=\"attachment-post-thumbnail size-post-thumbnail wp-post-image\" alt=\"\" decoding=\"async\" loading=\"lazy\" srcset=\"https:\/\/i0.wp.com\/www.guinee7.com\/wp-content\/uploads\/2026\/02\/IMG-20260208-WA0009.jpg?w=1280&amp;ssl=1 1280w, https:\/\/i0.wp.com\/www.guinee7.com\/wp-content\/uploads\/2026\/02\/IMG-20260208-WA0009.jpg?resize=300%2C135&amp;ssl=1 300w, https:\/\/i0.wp.com\/www.guinee7.com\/wp-content\/uploads\/2026\/02\/IMG-20260208-WA0009.jpg?resize=1024%2C461&amp;ssl=1 1024w, https:\/\/i0.wp.com\/www.guinee7.com\/wp-content\/uploads\/2026\/02\/IMG-20260208-WA0009.jpg?resize=768%2C346&amp;ssl=1 768w\" sizes=\"auto, (max-width: 1280px) 100vw, 1280px\"><\/div>\n<p><span style=\"font-size: 19px;\">Plusieurs boutiques et magasins ont \u00e9t\u00e9 d\u00e9molis ce dimanche 8 f\u00e9vrier 2026 \u00e0 la gare routi\u00e8re de la Conserverie, dans le quartier Almamyah, dans la commune urbaine de Mamou.<\/span><\/p>\n<p><span style=\"font-size: 19px;\">L\u2019op\u00e9ration visait \u00e0 lib\u00e9rer les encombrants d\u2019un vieux b\u00e2timent appartenant \u00e0 l\u2019\u00c9tat. Pr\u00e9venus \u00e0 l\u2019avance, les occupants avaient vid\u00e9 les lieux avant l\u2019arriv\u00e9e des machines.<\/span><\/p>\n<p><span style=\"font-size: 19px;\">Mamadou Sanoussy Bah, l\u2019une des personnes affect\u00e9es, explique :<\/span><br \/><span style=\"font-size: 19px;\">\u00ab\u00a0Le jeudi surpass\u00e9, ils nous ont dit de lib\u00e9rer le lieu, qu\u2019ils viendront le dimanche pour d\u00e9molir. Mais ce c\u2019est aujourd\u2019hui, ils sont pass\u00e9 \u00e0 l\u2019acte. Ils ont d\u00e9truit tous les magasins et boutiques qui se trouvaient ici. Heureusement, on avait vid\u00e9 les lieux. \u00c7a fait plusieurs ann\u00e9es depuis que nous sommes l\u00e0. C\u2019est ici que nous survivions. Ils ont dit que cette action vise \u00e0 lib\u00e9rer la devanture de ce vieux\u00a0 b\u00e2timent. Qu\u2019ils veulent reconstruire sur le lieu.\u00a0\u00bb<\/span><\/p>\n<p><span style=\"font-size: 19px;\">Parmi les personnes affect\u00e9es, Harouna Bah, alias Sally Harouna, a pass\u00e9 plus de 46 ans sur les lieux. Cet endroit constituait sa seule source de revenus. Il ne cache pas sa d\u00e9ception :<\/span><br \/><span style=\"font-size: 19px;\">\u00ab\u00a0J\u2019\u00e9tais c\u00e9libataire lorsque je me suis install\u00e9 ici. Et aujourd\u2019hui j\u2019ai mes 74 ans. Moi je ne connais pas un autre endroit \u00e0 part ici. Ils ont enlev\u00e9 ici sans nous nous montrer o\u00f9 nous devons rest\u00e9s. Ce n\u2019\u00e9tait pas le moment pour nous sortir d\u2019ici. Ils devraient attendre apr\u00e8s le mois de Ramadan pour nous dire de quitter. Mais nous faire expulser \u00e0 la veille du Ramadan sans nous recaser, pendant que nous sommes des p\u00e8res et m\u00e8res de famille, c\u2019est de nous cr\u00e9er des difficult\u00e9s\u00a0\u00bb, a-t-il d\u00e9plor\u00e9.<\/span><\/p>\n<p><span style=\"font-size: 19px;\">Cette initiative, qui vise \u00e0 r\u00e9cup\u00e9rer des domaines spoli\u00e9s de l\u2019\u00c9tat, s\u2019est d\u00e9roul\u00e9e sous la surveillance des forces de l\u2019ordre et de nombreux curieux. Aucun incident n\u2019a \u00e9t\u00e9 signal\u00e9 durant l\u2019op\u00e9ration. <\/span><\/p>\n<p><strong><span style=\"font-size: 19px;\">Mamadou Alpha Ke\u00efta pour guinee7.com\u00a0<\/span><\/strong><!--\/data\/user\/0\/com.samsung.android.app.notes\/files\/clipdata\/clipdata_bodytext_260209_115339_853.sdocx--><\/p>\n<p>L\u2019article <a href=\"https:\/\/www.guinee7.com\/2026\/02\/09\/mamou-des-boutiques-demolies-a-la-conserverie-des-familles-laissees-dans-lincertitude\/\">Mamou : Des boutiques d\u00e9molies \u00e0 la Conserverie, des familles laiss\u00e9es dans l\u2019incertitude<\/a> est apparu en premier sur <a href=\"https:\/\/www.guinee7.com\/\">Guinee7.com<\/a>.<\/p>\n<\/div>\n","protected":false},"excerpt":{"rendered":"<p>Plusieurs boutiques et magasins ont \u00e9t\u00e9 d\u00e9molis ce dimanche 8 f\u00e9vrier 2026 \u00e0 la gare routi\u00e8re de la Conserverie, dans le quartier Almamyah, dans la commune urbaine de Mamou. L\u2019op\u00e9ration visait \u00e0 lib\u00e9rer les encombrants d\u2019un vieux b\u00e2timent appartenant \u00e0 l\u2019\u00c9tat. Pr\u00e9venus \u00e0 l\u2019avance, les occupants avaient vid\u00e9 les lieux avant l\u2019arriv\u00e9e des machines. Mamadou &hellip;<\/p>\n","protected":false},"author":1,"featured_media":0,"comment_status":"closed","ping_status":"closed","sticky":false,"template":"","format":"standard","meta":{"footnotes":""},"categories":[2],"tags":[22],"_links":{"self":[{"href":"https:\/\/sn.ambaguinee.org\/index.php?rest_route=\/wp\/v2\/posts\/93289"}],"collection":[{"href":"https:\/\/sn.ambaguinee.org\/index.php?rest_route=\/wp\/v2\/posts"}],"about":[{"href":"https:\/\/sn.ambaguinee.org\/index.php?rest_route=\/wp\/v2\/types\/post"}],"author":[{"embeddable":true,"href":"https:\/\/sn.ambaguinee.org\/index.php?rest_route=\/wp\/v2\/users\/1"}],"replies":[{"embeddable":true,"href":"https:\/\/sn.ambaguinee.org\/index.php?rest_route=%2Fwp%2Fv2%2Fcomments&post=93289"}],"version-history":[{"count":0,"href":"https:\/\/sn.ambaguinee.org\/index.php?rest_route=\/wp\/v2\/posts\/93289\/revisions"}],"wp:attachment":[{"href":"https:\/\/sn.ambaguinee.org\/index.php?rest_route=%2Fwp%2Fv2%2Fmedia&parent=93289"}],"wp:term":[{"taxonomy":"category","embeddable":true,"href":"https:\/\/sn.ambaguinee.org\/index.php?rest_route=%2Fwp%2Fv2%2Fcategories&post=93289"},{"taxonomy":"post_tag","embeddable":true,"href":"https:\/\/sn.ambaguinee.org\/index.php?rest_route=%2Fwp%2Fv2%2Ftags&post=93289"}],"curies":[{"name":"wp","href":"https:\/\/api.w.org\/{rel}","templated":true}]}}