{"id":93290,"date":"2026-02-09T23:51:16","date_gmt":"2026-02-09T22:51:16","guid":{"rendered":"https:\/\/sn.ambaguinee.org\/?p=93290"},"modified":"2026-02-09T23:51:16","modified_gmt":"2026-02-09T22:51:16","slug":"ibrahima-kalil-diallo-officialise-son-entree-au-model","status":"publish","type":"post","link":"https:\/\/sn.ambaguinee.org\/?p=93290","title":{"rendered":"Ibrahima Kalil Diallo officialise son entr\u00e9e au MoDeL"},"content":{"rendered":"<div>\n<div style=\"margin-bottom:20px;\"><img width=\"1280\" height=\"960\"src=\"https:\/\/i0.wp.com\/www.guinee7.com\/wp-content\/uploads\/2026\/02\/IMG-20260209-WA0014.jpg?w=1280&amp;ssl=1\" class=\"attachment-post-thumbnail size-post-thumbnail wp-post-image\" alt=\"\" decoding=\"async\" loading=\"lazy\" srcset=\"https:\/\/i0.wp.com\/www.guinee7.com\/wp-content\/uploads\/2026\/02\/IMG-20260209-WA0014.jpg?w=1280&amp;ssl=1 1280w, https:\/\/i0.wp.com\/www.guinee7.com\/wp-content\/uploads\/2026\/02\/IMG-20260209-WA0014.jpg?resize=300%2C225&amp;ssl=1 300w, https:\/\/i0.wp.com\/www.guinee7.com\/wp-content\/uploads\/2026\/02\/IMG-20260209-WA0014.jpg?resize=1024%2C768&amp;ssl=1 1024w, https:\/\/i0.wp.com\/www.guinee7.com\/wp-content\/uploads\/2026\/02\/IMG-20260209-WA0014.jpg?resize=768%2C576&amp;ssl=1 768w, https:\/\/i0.wp.com\/www.guinee7.com\/wp-content\/uploads\/2026\/02\/IMG-20260209-WA0014.jpg?resize=86%2C64&amp;ssl=1 86w\" sizes=\"auto, (max-width: 1280px) 100vw, 1280px\"><\/div>\n<p>Ce lundi 9 f\u00e9vrier 2026, Ibrahima Kalil Diallo, ancien journaliste devenu acteur politique, a officialis\u00e9 son entr\u00e9e au sein du Mouvement des d\u00e9mocrates lib\u00e9raux (MoDeL). C\u2019est depuis le si\u00e8ge du parti, lors d\u2019un point de presse, qu\u2019il a rendu publique cette d\u00e9cision.<\/p>\n<p>Face aux journalistes, Ibrahima Kalil Diallo a tenu \u00e0 dissiper toute ambigu\u00eft\u00e9 autour de son choix. Loin d\u2019un ralliement opportuniste, il s\u2019agit, selon lui, d\u2019un engagement longuement m\u00fbri, fond\u00e9 sur une proximit\u00e9 id\u00e9ologique et une lecture commune de l\u2019avenir politique de la Guin\u00e9e. Il affirme rejoindre le MoDeL avec une posture d\u2019humilit\u00e9, anim\u00e9 par la volont\u00e9 d\u2019apprendre autant que de contribuer.<\/p>\n<p>Dans une d\u00e9claration dense et engag\u00e9e, il a expos\u00e9 les motivations profondes qui l\u2019ont conduit \u00e0 franchir ce pas : \u00ab je crois que la politique peut et doit \u00eatre un espace de responsabilit\u00e9, de p\u00e9dagogie et de construction collective. Je fais partie de cette jeunesse qui croit que le changement v\u00e9ritable demande du temps, de la patience, de la rigueur et une vision \u00e0 long terme. C\u2019est dans cet esprit, et en toute responsabilit\u00e9, que j\u2019ai pris une d\u00e9cision personnelle que j\u2019annonce aujourd\u2019hui officiellement : j\u2019ai choisi d\u2019int\u00e9grer le parti MoDeL. Ce choix n\u2019est ni un hasard ni une circonstance. Il est le r\u00e9sultat d\u2019une convergence de valeurs, de principes et de vision sur la mani\u00e8re de gouverner et de b\u00e2tir un \u00c9tat respectueux des droits, des libert\u00e9s et de la dignit\u00e9 des citoyens. Je rejoins le MODEL parce que je partage pleinement sa doctrine d\u00e9mocratique lib\u00e9rale, parce que je crois \u00e0 la primaut\u00e9 des libert\u00e9s, \u00e0 la force des institutions et \u00e0 l\u2019\u00c9tat de droit, mais aussi parce que son leader, Aliou Bah, incarne \u00e0 mes yeux une alternative cr\u00e9dible, coh\u00e9rente et rassurante pour le peuple de Guin\u00e9e, raison pour laquelle je plaide pour sa lib\u00e9ration afin qu\u2019il puisse continuer \u00e0 apporter sa contribution au d\u00e9bat public national. En rejoignant le MODEL, je viens avec humilit\u00e9. Je ne viens ni pour imposer une vision, ni pour r\u00e9clamer une position. Je viens pour apprendre, pour mettre mon exp\u00e9rience et mon \u00e9nergie au service du parti, et pour contribuer, aux c\u00f4t\u00e9s des militants et des responsables, \u00e0 la construction d\u2019une offre politique s\u00e9rieuse et cr\u00e9dible pour notre pays \u00bb.<\/p>\n<p>Au-del\u00e0 de son adh\u00e9sion, Ibrahima Kalil Diallo a tenu \u00e0 rendre hommage \u00e0 la base militante du MoDeL. Il a salu\u00e9 leur constance et leur sens des responsabilit\u00e9s, soulignant leur capacit\u00e9 \u00e0 maintenir le parti actif et structur\u00e9 \u00ab malgr\u00e9 l\u2019absence de leur leader \u00bb, une r\u00e9f\u00e9rence claire \u00e0 la situation d\u2019Aliou Bah.<\/p>\n<p>Cette adh\u00e9sion marque une nouvelle \u00e9tape dans le parcours d\u2019un homme qui a longtemps exerc\u00e9 le m\u00e9tier de journaliste au sein de plusieurs m\u00e9dias guin\u00e9ens. En novembre 2024, il avait d\u00e9j\u00e0 amorc\u00e9 sa transition politique en lan\u00e7ant son propre mouvement, Agir Pour la Guin\u00e9e (APG). Son ralliement au MoDeL s\u2019inscrit ainsi dans une dynamique de recomposition et de recherche d\u2019un cadre politique qu\u2019il juge plus structurant.<\/p>\n<p>\u00c0 ses yeux, le MoDeL ne se positionne pas comme un parti de confrontation, mais comme une force de proposition. Il estime qu\u2019il \u00ab constitue une alternative s\u00e9rieuse pour aujourd\u2019hui et pour demain, non pas contre les autres, mais pour la Guin\u00e9e, pour ses institutions et pour son peuple \u00bb.<\/p>\n<p>Du c\u00f4t\u00e9 du MoDeL, cette arriv\u00e9e est accueillie sans surprise. Les responsables du parti rappellent qu\u2019Ibrahima Kalil Diallo a toujours manifest\u00e9 une proximit\u00e9 id\u00e9ologique avec leur formation, y compris durant sa carri\u00e8re de journaliste reporter, o\u00f9 il n\u2019avait jamais cach\u00e9 son int\u00e9r\u00eat pour les id\u00e9es d\u00e9fendues par le parti.<\/p>\n<p><strong>Abdoul Lory Sylla pour guinee7.com\u00a0<\/strong><\/p>\n<p>L\u2019article <a href=\"https:\/\/www.guinee7.com\/2026\/02\/09\/ibrahima-kalil-diallo-officialise-son-entree-au-model\/\">Ibrahima Kalil Diallo officialise son entr\u00e9e au MoDeL<\/a> est apparu en premier sur <a href=\"https:\/\/www.guinee7.com\/\">Guinee7.com<\/a>.<\/p>\n<\/div>\n","protected":false},"excerpt":{"rendered":"<p>Ce lundi 9 f\u00e9vrier 2026, Ibrahima Kalil Diallo, ancien journaliste devenu acteur politique, a officialis\u00e9 son entr\u00e9e au sein du Mouvement des d\u00e9mocrates lib\u00e9raux (MoDeL). C\u2019est depuis le si\u00e8ge du parti, lors d\u2019un point de presse, qu\u2019il a rendu publique cette d\u00e9cision. Face aux journalistes, Ibrahima Kalil Diallo a tenu \u00e0 dissiper toute ambigu\u00eft\u00e9 autour &hellip;<\/p>\n","protected":false},"author":1,"featured_media":0,"comment_status":"closed","ping_status":"closed","sticky":false,"template":"","format":"standard","meta":{"footnotes":""},"categories":[2],"tags":[22],"_links":{"self":[{"href":"https:\/\/sn.ambaguinee.org\/index.php?rest_route=\/wp\/v2\/posts\/93290"}],"collection":[{"href":"https:\/\/sn.ambaguinee.org\/index.php?rest_route=\/wp\/v2\/posts"}],"about":[{"href":"https:\/\/sn.ambaguinee.org\/index.php?rest_route=\/wp\/v2\/types\/post"}],"author":[{"embeddable":true,"href":"https:\/\/sn.ambaguinee.org\/index.php?rest_route=\/wp\/v2\/users\/1"}],"replies":[{"embeddable":true,"href":"https:\/\/sn.ambaguinee.org\/index.php?rest_route=%2Fwp%2Fv2%2Fcomments&post=93290"}],"version-history":[{"count":0,"href":"https:\/\/sn.ambaguinee.org\/index.php?rest_route=\/wp\/v2\/posts\/93290\/revisions"}],"wp:attachment":[{"href":"https:\/\/sn.ambaguinee.org\/index.php?rest_route=%2Fwp%2Fv2%2Fmedia&parent=93290"}],"wp:term":[{"taxonomy":"category","embeddable":true,"href":"https:\/\/sn.ambaguinee.org\/index.php?rest_route=%2Fwp%2Fv2%2Fcategories&post=93290"},{"taxonomy":"post_tag","embeddable":true,"href":"https:\/\/sn.ambaguinee.org\/index.php?rest_route=%2Fwp%2Fv2%2Ftags&post=93290"}],"curies":[{"name":"wp","href":"https:\/\/api.w.org\/{rel}","templated":true}]}}