{"id":96273,"date":"2026-03-11T23:09:06","date_gmt":"2026-03-11T22:09:06","guid":{"rendered":"https:\/\/sn.ambaguinee.org\/?p=96273"},"modified":"2026-03-11T23:09:06","modified_gmt":"2026-03-11T22:09:06","slug":"coupe-du-monde-2026-il-ny-a-aucune-possibilite-que-lon-participe-dit-le-ministre-des-sports-iranien","status":"publish","type":"post","link":"https:\/\/sn.ambaguinee.org\/?p=96273","title":{"rendered":"Coupe du monde 2026 : \u00ab il n\u2019y a aucune possibilit\u00e9 que l\u2019on participe \u00bb, dit le Ministre des Sports iranien"},"content":{"rendered":"<div>\n<div style=\"margin-bottom:20px;\"><img width=\"1200\" height=\"800\"src=\"https:\/\/i0.wp.com\/mediaguinee.com\/wp-content\/uploads\/2026\/03\/FB_IMG_1772544811784-1.jpg?w=1200&amp;ssl=1\" class=\"attachment-post-thumbnail size-post-thumbnail wp-post-image\" alt=\"\" decoding=\"async\" srcset=\"https:\/\/i0.wp.com\/mediaguinee.com\/wp-content\/uploads\/2026\/03\/FB_IMG_1772544811784-1.jpg?w=1200&amp;ssl=1 1200w, https:\/\/i0.wp.com\/mediaguinee.com\/wp-content\/uploads\/2026\/03\/FB_IMG_1772544811784-1.jpg?resize=300%2C200&amp;ssl=1 300w, https:\/\/i0.wp.com\/mediaguinee.com\/wp-content\/uploads\/2026\/03\/FB_IMG_1772544811784-1.jpg?resize=1024%2C683&amp;ssl=1 1024w, https:\/\/i0.wp.com\/mediaguinee.com\/wp-content\/uploads\/2026\/03\/FB_IMG_1772544811784-1.jpg?resize=768%2C512&amp;ssl=1 768w\" sizes=\"(max-width: 1200px) 100vw, 1200px\" data-attachment-id=\"310305\" data-permalink=\"https:\/\/mediaguinee.com\/2026\/03\/coupe-du-monde-2026-il-ny-a-aucune-possibilite-que-lon-participe-dit-le-ministre-des-sports-iranien\/fb_img_1772544811784-2\/\" data-orig-file=\"https:\/\/i0.wp.com\/mediaguinee.com\/wp-content\/uploads\/2026\/03\/FB_IMG_1772544811784-1.jpg?fit=1200%2C800&amp;ssl=1\" data-orig-size=\"1200,800\" data-comments-opened=\"1\" data-image-meta='{\"aperture\":\"0\",\"credit\":\"\",\"camera\":\"\",\"caption\":\"\",\"created_timestamp\":\"0\",\"copyright\":\"\",\"focal_length\":\"0\",\"iso\":\"0\",\"shutter_speed\":\"0\",\"title\":\"\",\"orientation\":\"0\"}' data-image-title=\"FB_IMG_1772544811784\" data-image-description=\"\" data-image-caption=\"\" data-medium-file=\"https:\/\/i0.wp.com\/mediaguinee.com\/wp-content\/uploads\/2026\/03\/FB_IMG_1772544811784-1.jpg?fit=300%2C200&amp;ssl=1\" data-large-file=\"https:\/\/i0.wp.com\/mediaguinee.com\/wp-content\/uploads\/2026\/03\/FB_IMG_1772544811784-1.jpg?fit=1024%2C683&amp;ssl=1\"><\/div>\n<p><!--StartFragment--><\/p>\n<p class=\"MsoNormal\">Qualifi\u00e9 pour la phase finale de la comp\u00e9tition, l\u2019Iran a d\u00e9cid\u00e9 de boycotter la Coupe du monde 2026, en raison des frappes am\u00e9ricano-isra\u00e9liennes sur son territoire. Cette d\u00e9cision a \u00e9t\u00e9 annonc\u00e9e par Ahmad Donyamali, le Ministre des Sports iranien.<\/p>\n<p class=\"MsoNormal\">Dans une sortie sur la t\u00e9l\u00e9vision iranienne, Ahmad Donyamali a estim\u00e9 que les conditions actuelles ne permettaient pas \u00e0 la s\u00e9lection de l\u2019Iran de participer \u00e0 la comp\u00e9tition qui se tiendra aux \u00c9tats-Unis, au Mexique et au Canada.<\/p>\n<p class=\"MsoNormal\">\u00ab\u00a0Vu que ce gouvernement corrompu a assassin\u00e9 notre leader, il n\u2019y a aucune condition qui ferait qu\u2019on participerait \u00e0 cette coupe du monde. On nous a impos\u00e9 deux guerres en huit ou neuf mois. Et des milliers de nos citoyens ont \u00e9t\u00e9 assassin\u00e9s. Il n\u2019y aucune possibilit\u00e9 que l\u2019on participe\u00a0\u00bb, a dit Ahmad Donyamali.<\/p>\n<p class=\"MsoNormal\">Poursuivant, il souligne que\u00a0: \u00ab\u00a0Si c\u2019\u00e9tait un autre pays organisateur, la communaut\u00e9 internationale aurait s\u00fbrement d\u00e9j\u00e0 r\u00e9agi et elle lui aurait retir\u00e9 l\u2019organisation de la comp\u00e9tition\u00a0\u00bb, a ajout\u00e9 le Ministre iranien des Sports.<\/p>\n<p class=\"MsoNormal\">Lors de la phase de groupes, l\u2019Iran devait disputer ses deux premi\u00e8res rencontres aux \u00c9tats-Unis.<\/p>\n<p class=\"MsoNormal\">En cas de boycott de la coupe du monde 2026, l\u2019Iran pourrait \u00eatre sanctionn\u00e9 par la FIFA.<\/p>\n<p class=\"MsoNormal\">\n<p class=\"MsoNormal\">\n<p class=\"MsoNormal\"><b>Sadjo Bah<\/b><\/p>\n<p class=\"MsoNormal\">\n<p class=\"MsoNormal\"><b>\u00a0<\/b><\/p>\n<p class=\"MsoNormal\"><b>\u00a0<\/b><\/p>\n<p class=\"MsoNormal\">\n<p><!--EndFragment--><\/p>\n<p>L\u2019article <a href=\"https:\/\/mediaguinee.com\/2026\/03\/coupe-du-monde-2026-il-ny-a-aucune-possibilite-que-lon-participe-dit-le-ministre-des-sports-iranien\/\">Coupe du monde 2026 : \u00ab il n\u2019y a aucune possibilit\u00e9 que l\u2019on participe \u00bb, dit le Ministre des Sports iranien<\/a> est apparu en premier sur <a href=\"https:\/\/mediaguinee.com\/\">Mediaguinee.com<\/a>.<\/p>\n<\/div>\n","protected":false},"excerpt":{"rendered":"<p>Qualifi\u00e9 pour la phase finale de la comp\u00e9tition, l\u2019Iran a d\u00e9cid\u00e9 de boycotter la Coupe du monde 2026, en raison des frappes am\u00e9ricano-isra\u00e9liennes sur son territoire. Cette d\u00e9cision a \u00e9t\u00e9 annonc\u00e9e par Ahmad Donyamali, le Ministre des Sports iranien. Dans une sortie sur la t\u00e9l\u00e9vision iranienne, Ahmad Donyamali a estim\u00e9 que les conditions actuelles ne &hellip;<\/p>\n","protected":false},"author":1,"featured_media":0,"comment_status":"closed","ping_status":"closed","sticky":false,"template":"","format":"standard","meta":{"footnotes":""},"categories":[2],"tags":[23],"_links":{"self":[{"href":"https:\/\/sn.ambaguinee.org\/index.php?rest_route=\/wp\/v2\/posts\/96273"}],"collection":[{"href":"https:\/\/sn.ambaguinee.org\/index.php?rest_route=\/wp\/v2\/posts"}],"about":[{"href":"https:\/\/sn.ambaguinee.org\/index.php?rest_route=\/wp\/v2\/types\/post"}],"author":[{"embeddable":true,"href":"https:\/\/sn.ambaguinee.org\/index.php?rest_route=\/wp\/v2\/users\/1"}],"replies":[{"embeddable":true,"href":"https:\/\/sn.ambaguinee.org\/index.php?rest_route=%2Fwp%2Fv2%2Fcomments&post=96273"}],"version-history":[{"count":0,"href":"https:\/\/sn.ambaguinee.org\/index.php?rest_route=\/wp\/v2\/posts\/96273\/revisions"}],"wp:attachment":[{"href":"https:\/\/sn.ambaguinee.org\/index.php?rest_route=%2Fwp%2Fv2%2Fmedia&parent=96273"}],"wp:term":[{"taxonomy":"category","embeddable":true,"href":"https:\/\/sn.ambaguinee.org\/index.php?rest_route=%2Fwp%2Fv2%2Fcategories&post=96273"},{"taxonomy":"post_tag","embeddable":true,"href":"https:\/\/sn.ambaguinee.org\/index.php?rest_route=%2Fwp%2Fv2%2Ftags&post=96273"}],"curies":[{"name":"wp","href":"https:\/\/api.w.org\/{rel}","templated":true}]}}