{"id":96280,"date":"2026-03-11T23:09:08","date_gmt":"2026-03-11T22:09:08","guid":{"rendered":"https:\/\/sn.ambaguinee.org\/?p=96280"},"modified":"2026-03-11T23:09:08","modified_gmt":"2026-03-11T22:09:08","slug":"dinguiraye-la-mere-et-la-soeur-de-tibou-kamara-retrouvees-le-parquet-annonce-la-poursuite-des-enquetes","status":"publish","type":"post","link":"https:\/\/sn.ambaguinee.org\/?p=96280","title":{"rendered":"Dinguiraye : la m\u00e8re et la s\u0153ur de Tibou Kamara retrouv\u00e9es, le parquet annonce la poursuite des enqu\u00eates"},"content":{"rendered":"<div>\n<div style=\"margin-bottom:20px;\"><img width=\"1080\" height=\"608\"src=\"https:\/\/i0.wp.com\/www.guinee7.com\/wp-content\/uploads\/2026\/03\/Screenshot_20260311_165511_Gallery.jpg?w=1080&amp;ssl=1\" class=\"attachment-post-thumbnail size-post-thumbnail wp-post-image\" alt=\"\" decoding=\"async\" loading=\"lazy\" srcset=\"https:\/\/i0.wp.com\/www.guinee7.com\/wp-content\/uploads\/2026\/03\/Screenshot_20260311_165511_Gallery.jpg?w=1080&amp;ssl=1 1080w, https:\/\/i0.wp.com\/www.guinee7.com\/wp-content\/uploads\/2026\/03\/Screenshot_20260311_165511_Gallery.jpg?resize=300%2C169&amp;ssl=1 300w, https:\/\/i0.wp.com\/www.guinee7.com\/wp-content\/uploads\/2026\/03\/Screenshot_20260311_165511_Gallery.jpg?resize=1024%2C576&amp;ssl=1 1024w, https:\/\/i0.wp.com\/www.guinee7.com\/wp-content\/uploads\/2026\/03\/Screenshot_20260311_165511_Gallery.jpg?resize=768%2C432&amp;ssl=1 768w\" sizes=\"auto, (max-width: 1080px) 100vw, 1080px\"><\/div>\n<p>Les deux personnes enlev\u00e9es dans la nuit du 3 au 4 mars 2026 \u00e0 Dinguiraye, identifi\u00e9es comme \u00e9tant la m\u00e8re et la s\u0153ur de l\u2019ancien ministre Tibou Kamara, ont \u00e9t\u00e9 retrouv\u00e9es saines et sauves. L\u2019annonce a \u00e9t\u00e9 faite par le parquet g\u00e9n\u00e9ral pr\u00e8s la cour d\u2019appel de Kankan \u00e0 travers un communiqu\u00e9 officiel rendu public ce 11 mars 2026.<\/p>\n<p>Dans ce document, le parquet pr\u00e9cise que les deux victimes ont \u00e9t\u00e9 retrouv\u00e9es le 8 mars 2026 aux environs de midi dans le district de Fouga, situ\u00e9 \u00e0 moins de dix kilom\u00e8tres du centre-ville. \u00ab Les deux personnes enlev\u00e9es dans la nuit du 03 au 04 mars 2026 \u00e0 leur domicile dans la pr\u00e9fecture de Dinguiraye ont \u00e9t\u00e9 retrouv\u00e9es saines et sauves ce jour 08 mars 2026 aux environs de midi dans le district de Fouga situ\u00e9 \u00e0 moins de 10 kilom\u00e8tres du centre-ville o\u00f9 les ravisseurs les ont ramen\u00e9es \u00bb, indique le communiqu\u00e9.<\/p>\n<p>Pour rappel, la m\u00e8re et la s\u0153ur de l\u2019ancien ministre avaient \u00e9t\u00e9 enlev\u00e9es \u00e0 leur domicile par des individus encagoul\u00e9s et lourdement arm\u00e9s. Selon le parquet g\u00e9n\u00e9ral, les ravisseurs \u00ab circulaient \u00e0 bord de trois v\u00e9hicules de couleur noire \u00bb.<\/p>\n<p>Face \u00e0 la gravit\u00e9 de cet enl\u00e8vement qui avait suscit\u00e9 une vive inqui\u00e9tude au sein de l\u2019opinion, les autorit\u00e9s judiciaires affirment avoir imm\u00e9diatement r\u00e9agi. Le parquet g\u00e9n\u00e9ral rappelle qu\u2019un premier communiqu\u00e9 avait \u00e9t\u00e9 publi\u00e9 le 5 mars 2026 pour d\u00e9noncer ces actes criminels et instruire les autorit\u00e9s judiciaires comp\u00e9tentes d\u2019engager des poursuites.<\/p>\n<p>\u00c0 cet effet, des instructions avaient \u00e9t\u00e9 adress\u00e9es au procureur de la R\u00e9publique pr\u00e8s le tribunal de premi\u00e8re instance de Faranah ainsi qu\u2019aux juges de paix de Dabola et de Dinguiraye afin que \u00ab toutes les diligences utiles soient entreprises pour retrouver sans d\u00e9lai les victimes, identifier, interpeller et traduire devant la justice les auteurs, coauteurs et complices de ces faits \u00bb.<\/p>\n<p>Le parquet g\u00e9n\u00e9ral s\u2019est \u00e9galement f\u00e9licit\u00e9 de l\u2019issue de cette affaire, saluant \u00ab la lib\u00e9ration et les retrouvailles des victimes avec leurs familles \u00bb. Il a par ailleurs rendu hommage \u00e0 la mobilisation citoyenne et \u00e0 la collaboration des autorit\u00e9s administratives, des services de d\u00e9fense et de s\u00e9curit\u00e9 ainsi que de la population locale qui ont contribu\u00e9 aux recherches.<\/p>\n<p>Toutefois, les autorit\u00e9s judiciaires assurent que l\u2019affaire n\u2019est pas close. \u00ab Les enqu\u00eates judiciaires se poursuivent activement afin de faire toute la lumi\u00e8re sur les circonstances de cet enl\u00e8vement et de situer les responsabilit\u00e9s p\u00e9nales des personnes impliqu\u00e9es \u00bb, souligne le parquet.<\/p>\n<p>Enfin, le parquet g\u00e9n\u00e9ral de Kankan r\u00e9affirme son engagement \u00ab \u00e0 garantir la s\u00e9curit\u00e9 des personnes et des biens et \u00e0 faire respecter la loi dans l\u2019ensemble du ressort de la cour d\u2019appel de Kankan \u00bb.<\/p>\n<p><img data-recalc-dims=\"1\" loading=\"lazy\" decoding=\"async\" class=\"aligncenter size-medium wp-image-127351\"src=\"https:\/\/i0.wp.com\/www.guinee7.com\/wp-content\/uploads\/2026\/03\/Screenshot_20260311_164521_Chrome.jpg?w=1080&amp;ssl=1\" alt=\"\" width=\"216\" height=\"300\" srcset=\"https:\/\/i0.wp.com\/www.guinee7.com\/wp-content\/uploads\/2026\/03\/Screenshot_20260311_164521_Chrome.jpg?resize=216%2C300&amp;ssl=1 216w, https:\/\/i0.wp.com\/www.guinee7.com\/wp-content\/uploads\/2026\/03\/Screenshot_20260311_164521_Chrome.jpg?resize=738%2C1024&amp;ssl=1 738w, https:\/\/i0.wp.com\/www.guinee7.com\/wp-content\/uploads\/2026\/03\/Screenshot_20260311_164521_Chrome.jpg?resize=768%2C1065&amp;ssl=1 768w, https:\/\/i0.wp.com\/www.guinee7.com\/wp-content\/uploads\/2026\/03\/Screenshot_20260311_164521_Chrome.jpg?w=1080&amp;ssl=1 1080w\" sizes=\"auto, (max-width: 216px) 100vw, 216px\"><img data-recalc-dims=\"1\" loading=\"lazy\" decoding=\"async\" class=\"aligncenter size-medium wp-image-127352\"src=\"https:\/\/i0.wp.com\/www.guinee7.com\/wp-content\/uploads\/2026\/03\/Screenshot_20260311_164542_Chrome.jpg?w=1080&amp;ssl=1\" alt=\"\" width=\"255\" height=\"300\" srcset=\"https:\/\/i0.wp.com\/www.guinee7.com\/wp-content\/uploads\/2026\/03\/Screenshot_20260311_164542_Chrome.jpg?resize=255%2C300&amp;ssl=1 255w, https:\/\/i0.wp.com\/www.guinee7.com\/wp-content\/uploads\/2026\/03\/Screenshot_20260311_164542_Chrome.jpg?resize=869%2C1024&amp;ssl=1 869w, https:\/\/i0.wp.com\/www.guinee7.com\/wp-content\/uploads\/2026\/03\/Screenshot_20260311_164542_Chrome.jpg?resize=768%2C905&amp;ssl=1 768w, https:\/\/i0.wp.com\/www.guinee7.com\/wp-content\/uploads\/2026\/03\/Screenshot_20260311_164542_Chrome.jpg?w=1080&amp;ssl=1 1080w\" sizes=\"auto, (max-width: 255px) 100vw, 255px\"><\/p>\n<p><strong>Abdoul Lory Sylla pour guinee7.com\u00a0<\/strong><\/p>\n<p>L\u2019article <a href=\"https:\/\/www.guinee7.com\/2026\/03\/11\/dinguiraye-la-mere-et-la-soeur-de-tibou-kamara-retrouvees-le-parquet-annonce-la-poursuite-des-enquetes\/\">Dinguiraye : la m\u00e8re et la s\u0153ur de Tibou Kamara retrouv\u00e9es, le parquet annonce la poursuite des enqu\u00eates<\/a> est apparu en premier sur <a href=\"https:\/\/www.guinee7.com\/\">Guinee7.com<\/a>.<\/p>\n<\/div>\n","protected":false},"excerpt":{"rendered":"<p>Les deux personnes enlev\u00e9es dans la nuit du 3 au 4 mars 2026 \u00e0 Dinguiraye, identifi\u00e9es comme \u00e9tant la m\u00e8re et la s\u0153ur de l\u2019ancien ministre Tibou Kamara, ont \u00e9t\u00e9 retrouv\u00e9es saines et sauves. L\u2019annonce a \u00e9t\u00e9 faite par le parquet g\u00e9n\u00e9ral pr\u00e8s la cour d\u2019appel de Kankan \u00e0 travers un communiqu\u00e9 officiel rendu public &hellip;<\/p>\n","protected":false},"author":1,"featured_media":0,"comment_status":"closed","ping_status":"closed","sticky":false,"template":"","format":"standard","meta":{"footnotes":""},"categories":[2],"tags":[22],"_links":{"self":[{"href":"https:\/\/sn.ambaguinee.org\/index.php?rest_route=\/wp\/v2\/posts\/96280"}],"collection":[{"href":"https:\/\/sn.ambaguinee.org\/index.php?rest_route=\/wp\/v2\/posts"}],"about":[{"href":"https:\/\/sn.ambaguinee.org\/index.php?rest_route=\/wp\/v2\/types\/post"}],"author":[{"embeddable":true,"href":"https:\/\/sn.ambaguinee.org\/index.php?rest_route=\/wp\/v2\/users\/1"}],"replies":[{"embeddable":true,"href":"https:\/\/sn.ambaguinee.org\/index.php?rest_route=%2Fwp%2Fv2%2Fcomments&post=96280"}],"version-history":[{"count":0,"href":"https:\/\/sn.ambaguinee.org\/index.php?rest_route=\/wp\/v2\/posts\/96280\/revisions"}],"wp:attachment":[{"href":"https:\/\/sn.ambaguinee.org\/index.php?rest_route=%2Fwp%2Fv2%2Fmedia&parent=96280"}],"wp:term":[{"taxonomy":"category","embeddable":true,"href":"https:\/\/sn.ambaguinee.org\/index.php?rest_route=%2Fwp%2Fv2%2Fcategories&post=96280"},{"taxonomy":"post_tag","embeddable":true,"href":"https:\/\/sn.ambaguinee.org\/index.php?rest_route=%2Fwp%2Fv2%2Ftags&post=96280"}],"curies":[{"name":"wp","href":"https:\/\/api.w.org\/{rel}","templated":true}]}}