{"id":96281,"date":"2026-03-11T23:09:08","date_gmt":"2026-03-11T22:09:08","guid":{"rendered":"https:\/\/sn.ambaguinee.org\/?p=96281"},"modified":"2026-03-11T23:09:08","modified_gmt":"2026-03-11T22:09:08","slug":"liran-nira-pas-a-la-coupe-du-monde-2026","status":"publish","type":"post","link":"https:\/\/sn.ambaguinee.org\/?p=96281","title":{"rendered":"L\u2019Iran n\u2019ira pas \u00e0 la Coupe du Monde 2026 !"},"content":{"rendered":"<div>\n<div style=\"margin-bottom:20px;\"><img width=\"828\" height=\"552\"src=\"https:\/\/i0.wp.com\/www.guinee7.com\/wp-content\/uploads\/2026\/03\/611ad.jpg?w=828&amp;ssl=1\" class=\"attachment-post-thumbnail size-post-thumbnail wp-post-image\" alt=\"\" decoding=\"async\" loading=\"lazy\" srcset=\"https:\/\/i0.wp.com\/www.guinee7.com\/wp-content\/uploads\/2026\/03\/611ad.jpg?w=828&amp;ssl=1 828w, https:\/\/i0.wp.com\/www.guinee7.com\/wp-content\/uploads\/2026\/03\/611ad.jpg?resize=300%2C200&amp;ssl=1 300w, https:\/\/i0.wp.com\/www.guinee7.com\/wp-content\/uploads\/2026\/03\/611ad.jpg?resize=768%2C512&amp;ssl=1 768w\" sizes=\"auto, (max-width: 828px) 100vw, 828px\"><\/div>\n<p>Ahmad Doyanmali, Ministre des Sports iranien, a confirm\u00e9 que son pays ne participera au prochain Mondial en terres am\u00e9ricaines.<\/p>\n<p>\u00ab Au cours de nos discussions, le pr\u00e9sident Trump a r\u00e9affirm\u00e9 que l\u2019\u00e9quipe iranienne \u00e9tait bien entendu la bienvenue pour participer au tournoi aux \u00c9tats-Unis. Plus que jamais, nous avons besoin d\u2019un \u00e9v\u00e9nement comme la\u00a0Coupe du Monde\u00a0de la FIFA pour rassembler les peuples, et je remercie sinc\u00e8rement le pr\u00e9sident des \u00c9tats-Unis pour son soutien, qui d\u00e9montre une fois de plus que le football unit le monde \u00bb. Tels \u00e9taient\u00a0les mots de Gianni Infantino hier soir, lors d\u2019une nouvelle intervention m\u00e9diatique.<\/p>\n<p>Il faut dire que le contexte g\u00e9opolitique actuel est pour le moins tendu, et tout ceci aura des cons\u00e9quences sur ce Mondial 2026 qui se disputera (en partie) aux Etats-Unis. Une comp\u00e9tition\u00a0qui soul\u00e8ve d\u00e9j\u00e0 une vague de pol\u00e9miques\u00a0en raison des agissements du gouvernement de Donald Trump au Moyen-Orient, et l\u2019Iran vient ainsi de prendre une d\u00e9cision tr\u00e8s forte, dont Infantino n\u2019\u00e9tait visiblement pas encore au courant au moment de sa prise de parole.<\/p>\n<p><strong>L\u2019Iran refuse de participer<\/strong><\/p>\n<p>Ahmad Doyanmali, Ministre des Sports du pays, a confirm\u00e9 que l\u2019Iran, qui devait affronter la Belgique, l\u2019Egypte et la Nouvelle Z\u00e9lande en poules, boycottera la comp\u00e9tition.\u00a0\u00ab Vu que ce gouvernement corrompu a assassin\u00e9 notre leader, il n\u2019y a aucune condition qui ferait qu\u2019on participerait \u00e0 cette Coupe du Monde. On nous a impos\u00e9 deux guerres en huit ou neuf mois, et des milliers de nos citoyens ont \u00e9t\u00e9assassin\u00e9ss. Il n\u2019y a aucune possibilit\u00e9 que l\u2019on participe \u00bb, a-t-il expliqu\u00e9.<\/p>\n<p>\u00ab Si c\u2019\u00e9tait un autre pays organisateur, la communaut\u00e9 internationale aurait s\u00fbrement d\u00e9j\u00e0 r\u00e9agi et elle lui aurait retir\u00e9 l\u2019organisation de la comp\u00e9tition \u00bb, a-t-il ajout\u00e9. Une d\u00e9cision tranch\u00e9e sur laquelle l\u2019Iran pourra toujours revenir, m\u00eame si ce n\u2019est \u00e9videmment pas la tendance tant que la situation n\u2019\u00e9volue pas. Bien au contraire m\u00eame, et d\u2019autres pays risquent de suivre. A noter que l\u2019Iran pourrait \u00eatre sanctionn\u00e9 par la FIFA en cas de boycott du Mondial, et cette derni\u00e8re devrait trouver un rempla\u00e7ant au pays perse\u2026<\/p>\n<p><strong>Avec footMercato<\/strong><\/p>\n<p>L\u2019article <a href=\"https:\/\/www.guinee7.com\/2026\/03\/11\/liran-nira-pas-a-la-coupe-du-monde-2026\/\">L\u2019Iran n\u2019ira pas \u00e0 la Coupe du Monde 2026 !<\/a> est apparu en premier sur <a href=\"https:\/\/www.guinee7.com\/\">Guinee7.com<\/a>.<\/p>\n<\/div>\n","protected":false},"excerpt":{"rendered":"<p>Ahmad Doyanmali, Ministre des Sports iranien, a confirm\u00e9 que son pays ne participera au prochain Mondial en terres am\u00e9ricaines. \u00ab Au cours de nos discussions, le pr\u00e9sident Trump a r\u00e9affirm\u00e9 que l\u2019\u00e9quipe iranienne \u00e9tait bien entendu la bienvenue pour participer au tournoi aux \u00c9tats-Unis. Plus que jamais, nous avons besoin d\u2019un \u00e9v\u00e9nement comme la\u00a0Coupe du &hellip;<\/p>\n","protected":false},"author":1,"featured_media":0,"comment_status":"closed","ping_status":"closed","sticky":false,"template":"","format":"standard","meta":{"footnotes":""},"categories":[2],"tags":[22],"_links":{"self":[{"href":"https:\/\/sn.ambaguinee.org\/index.php?rest_route=\/wp\/v2\/posts\/96281"}],"collection":[{"href":"https:\/\/sn.ambaguinee.org\/index.php?rest_route=\/wp\/v2\/posts"}],"about":[{"href":"https:\/\/sn.ambaguinee.org\/index.php?rest_route=\/wp\/v2\/types\/post"}],"author":[{"embeddable":true,"href":"https:\/\/sn.ambaguinee.org\/index.php?rest_route=\/wp\/v2\/users\/1"}],"replies":[{"embeddable":true,"href":"https:\/\/sn.ambaguinee.org\/index.php?rest_route=%2Fwp%2Fv2%2Fcomments&post=96281"}],"version-history":[{"count":0,"href":"https:\/\/sn.ambaguinee.org\/index.php?rest_route=\/wp\/v2\/posts\/96281\/revisions"}],"wp:attachment":[{"href":"https:\/\/sn.ambaguinee.org\/index.php?rest_route=%2Fwp%2Fv2%2Fmedia&parent=96281"}],"wp:term":[{"taxonomy":"category","embeddable":true,"href":"https:\/\/sn.ambaguinee.org\/index.php?rest_route=%2Fwp%2Fv2%2Fcategories&post=96281"},{"taxonomy":"post_tag","embeddable":true,"href":"https:\/\/sn.ambaguinee.org\/index.php?rest_route=%2Fwp%2Fv2%2Ftags&post=96281"}],"curies":[{"name":"wp","href":"https:\/\/api.w.org\/{rel}","templated":true}]}}